{"id":7776,"date":"2024-08-12T13:26:33","date_gmt":"2024-08-12T13:26:33","guid":{"rendered":"https:\/\/radiogjilani.com\/index.php\/2024\/08\/12\/spahiu-seshte-e-vertete-ajo-qe-pretendon-diplomacia-serbe-ura-e-ibrit-te-hapet-e-tu-tregohet-nderkombetareve-se-ka-maturi\/"},"modified":"2024-08-12T13:26:33","modified_gmt":"2024-08-12T13:26:33","slug":"spahiu-seshte-e-vertete-ajo-qe-pretendon-diplomacia-serbe-ura-e-ibrit-te-hapet-e-tu-tregohet-nderkombetareve-se-ka-maturi","status":"publish","type":"post","link":"https:\/\/radiogjilani.com\/index.php\/2024\/08\/12\/spahiu-seshte-e-vertete-ajo-qe-pretendon-diplomacia-serbe-ura-e-ibrit-te-hapet-e-tu-tregohet-nderkombetareve-se-ka-maturi\/","title":{"rendered":"Spahiu: S\u2019\u00ebsht\u00eb e v\u00ebrtet\u00eb ajo q\u00eb pretendon diplomacia serbe, Ura e Ibrit t\u00eb hapet e t\u2019u tregohet nd\u00ebrkomb\u00ebtareve se ka maturi"},"content":{"rendered":"<p>Analisti politik, Nexhmedin Spahiu, n\u00eb nj\u00eb prononcim p\u00ebr Ekonomia Online, ka th\u00ebn\u00eb Ura e Ibrit duhet t\u00eb hapet sepse situata e siguris\u00eb \u00ebsht\u00eb n\u00eb nivel dhe se nuk ka gjas\u00eb q\u00eb t\u00eb krijohen trazira, si\u00e7 \u00ebsht\u00eb paralajm\u00ebruar nga Serbia. Sipas tij, diplomacia serbe ka arritur ta bind\u00eb bashk\u00ebsin\u00eb nd\u00ebrkomb\u00ebtare p\u00ebr k\u00ebt\u00eb. Ai ka th\u00ebn\u00eb se Qeveria e Kosov\u00ebs duhet q\u00eb ta hap\u00eb ur\u00ebn, q\u00eb t\u2019i tregohet bashk\u00ebsis\u00eb&#8230;<\/p>\n<p><a href=\"https:\/\/ekonomiaonline.com\/spahiu-seshte-e-vertete-ajo-qe-pretendon-diplomacia-serbe-ura-e-ibrit-te-hapet-e-tu-tregohet-nderkombetareve-se-ka-maturi\/\" rel=\"nofollow\">Source<\/a><\/p>\n","protected":false},"excerpt":{"rendered":"<p>Analisti politik, Nexhmedin Spahiu, n\u00eb nj\u00eb prononcim p\u00ebr Ekonomia Online, ka th\u00ebn\u00eb Ura e Ibrit duhet t\u00eb hapet sepse situata e siguris\u00eb \u00ebsht\u00eb n\u00eb nivel dhe se nuk ka gjas\u00eb q\u00eb t\u00eb krijohen trazira, si\u00e7 \u00ebsht\u00eb paralajm\u00ebruar nga Serbia. Sipas tij, diplomacia serbe ka arritur ta bind\u00eb bashk\u00ebsin\u00eb nd\u00ebrkomb\u00ebtare p\u00ebr k\u00ebt\u00eb. Ai ka th\u00ebn\u00eb se [&hellip;]<\/p>\n","protected":false},"author":1,"featured_media":7777,"comment_status":"open","ping_status":"open","sticky":false,"template":"","format":"standard","meta":{"footnotes":""},"categories":[19],"tags":[],"class_list":["post-7776","post","type-post","status-publish","format-standard","has-post-thumbnail","hentry","category-eko"],"_links":{"self":[{"href":"https:\/\/radiogjilani.com\/index.php\/wp-json\/wp\/v2\/posts\/7776","targetHints":{"allow":["GET"]}}],"collection":[{"href":"https:\/\/radiogjilani.com\/index.php\/wp-json\/wp\/v2\/posts"}],"about":[{"href":"https:\/\/radiogjilani.com\/index.php\/wp-json\/wp\/v2\/types\/post"}],"author":[{"embeddable":true,"href":"https:\/\/radiogjilani.com\/index.php\/wp-json\/wp\/v2\/users\/1"}],"replies":[{"embeddable":true,"href":"https:\/\/radiogjilani.com\/index.php\/wp-json\/wp\/v2\/comments?post=7776"}],"version-history":[{"count":0,"href":"https:\/\/radiogjilani.com\/index.php\/wp-json\/wp\/v2\/posts\/7776\/revisions"}],"wp:featuredmedia":[{"embeddable":true,"href":"https:\/\/radiogjilani.com\/index.php\/wp-json\/wp\/v2\/media\/7777"}],"wp:attachment":[{"href":"https:\/\/radiogjilani.com\/index.php\/wp-json\/wp\/v2\/media?parent=7776"}],"wp:term":[{"taxonomy":"category","embeddable":true,"href":"https:\/\/radiogjilani.com\/index.php\/wp-json\/wp\/v2\/categories?post=7776"},{"taxonomy":"post_tag","embeddable":true,"href":"https:\/\/radiogjilani.com\/index.php\/wp-json\/wp\/v2\/tags?post=7776"}],"curies":[{"name":"wp","href":"https:\/\/api.w.org\/{rel}","templated":true}]}}