{"id":7782,"date":"2024-08-12T13:26:30","date_gmt":"2024-08-12T13:26:30","guid":{"rendered":"https:\/\/radiogjilani.com\/index.php\/2024\/08\/12\/haxhiu-pakoja-e-ligjeve-pritet-te-dergohet-ne-kuvend-brenda-shtatorit\/"},"modified":"2024-08-12T13:26:30","modified_gmt":"2024-08-12T13:26:30","slug":"haxhiu-pakoja-e-ligjeve-pritet-te-dergohet-ne-kuvend-brenda-shtatorit","status":"publish","type":"post","link":"https:\/\/radiogjilani.com\/index.php\/2024\/08\/12\/haxhiu-pakoja-e-ligjeve-pritet-te-dergohet-ne-kuvend-brenda-shtatorit\/","title":{"rendered":"Haxhiu: Pakoja e ligjeve pritet t\u00eb d\u00ebrgohet n\u00eb Kuvend brenda shtatorit"},"content":{"rendered":"<p>Ministrja e Drejt\u00ebsis\u00eb Albulena Haxhiu, sot ka takuar krer\u00ebt e institucioneve t\u00eb drejt\u00ebsis\u00eb lidhur me Reform\u00ebn n\u00eb Drejt\u00ebsi, n\u00eb t\u00eb cilin takim prezent ishin p\u00ebrfaq\u00ebsues t\u00eb K\u00ebshillit Gjyq\u00ebsor, Gjykat\u00ebs Supreme dhe p\u00ebrfaq\u00ebsues nd\u00ebrkomb\u00ebtar. Ministria e Drejt\u00ebsis\u00eb, njofton se p\u00ebrkund\u00ebr ftes\u00ebs p\u00ebr p\u00ebrfaq\u00ebsuesit e sistemit prokurorial, t\u00eb nj\u00ebjtit munguan n\u00eb takim. N\u00eb fjal\u00ebn e saj&#8230;<\/p>\n<p><a href=\"https:\/\/ekonomiaonline.com\/haxhiu-pakoja-e-ligjeve-pritet-te-dergohet-ne-kuvend-brenda-shtatorit\/\" rel=\"nofollow\">Source<\/a><\/p>\n","protected":false},"excerpt":{"rendered":"<p>Ministrja e Drejt\u00ebsis\u00eb Albulena Haxhiu, sot ka takuar krer\u00ebt e institucioneve t\u00eb drejt\u00ebsis\u00eb lidhur me Reform\u00ebn n\u00eb Drejt\u00ebsi, n\u00eb t\u00eb cilin takim prezent ishin p\u00ebrfaq\u00ebsues t\u00eb K\u00ebshillit Gjyq\u00ebsor, Gjykat\u00ebs Supreme dhe p\u00ebrfaq\u00ebsues nd\u00ebrkomb\u00ebtar. Ministria e Drejt\u00ebsis\u00eb, njofton se p\u00ebrkund\u00ebr ftes\u00ebs p\u00ebr p\u00ebrfaq\u00ebsuesit e sistemit prokurorial, t\u00eb nj\u00ebjtit munguan n\u00eb takim. N\u00eb fjal\u00ebn e saj&#8230; Source<\/p>\n","protected":false},"author":1,"featured_media":7783,"comment_status":"open","ping_status":"open","sticky":false,"template":"","format":"standard","meta":{"footnotes":""},"categories":[19],"tags":[],"class_list":["post-7782","post","type-post","status-publish","format-standard","has-post-thumbnail","hentry","category-eko"],"_links":{"self":[{"href":"https:\/\/radiogjilani.com\/index.php\/wp-json\/wp\/v2\/posts\/7782","targetHints":{"allow":["GET"]}}],"collection":[{"href":"https:\/\/radiogjilani.com\/index.php\/wp-json\/wp\/v2\/posts"}],"about":[{"href":"https:\/\/radiogjilani.com\/index.php\/wp-json\/wp\/v2\/types\/post"}],"author":[{"embeddable":true,"href":"https:\/\/radiogjilani.com\/index.php\/wp-json\/wp\/v2\/users\/1"}],"replies":[{"embeddable":true,"href":"https:\/\/radiogjilani.com\/index.php\/wp-json\/wp\/v2\/comments?post=7782"}],"version-history":[{"count":0,"href":"https:\/\/radiogjilani.com\/index.php\/wp-json\/wp\/v2\/posts\/7782\/revisions"}],"wp:featuredmedia":[{"embeddable":true,"href":"https:\/\/radiogjilani.com\/index.php\/wp-json\/wp\/v2\/media\/7783"}],"wp:attachment":[{"href":"https:\/\/radiogjilani.com\/index.php\/wp-json\/wp\/v2\/media?parent=7782"}],"wp:term":[{"taxonomy":"category","embeddable":true,"href":"https:\/\/radiogjilani.com\/index.php\/wp-json\/wp\/v2\/categories?post=7782"},{"taxonomy":"post_tag","embeddable":true,"href":"https:\/\/radiogjilani.com\/index.php\/wp-json\/wp\/v2\/tags?post=7782"}],"curies":[{"name":"wp","href":"https:\/\/api.w.org\/{rel}","templated":true}]}}