{"id":7784,"date":"2024-08-12T13:27:43","date_gmt":"2024-08-12T13:27:43","guid":{"rendered":"https:\/\/radiogjilani.com\/index.php\/2024\/08\/12\/agk-deklaratat-e-kurteshit-per-gazetaret-jane-te-rrezikshme-dhe-te-papranueshme\/"},"modified":"2024-08-12T13:27:43","modified_gmt":"2024-08-12T13:27:43","slug":"agk-deklaratat-e-kurteshit-per-gazetaret-jane-te-rrezikshme-dhe-te-papranueshme","status":"publish","type":"post","link":"https:\/\/radiogjilani.com\/index.php\/2024\/08\/12\/agk-deklaratat-e-kurteshit-per-gazetaret-jane-te-rrezikshme-dhe-te-papranueshme\/","title":{"rendered":"AGK: Deklaratat e Kurteshit p\u00ebr gazetar\u00ebt jan\u00eb t\u00eb rrezikshme dhe t\u00eb papranueshme"},"content":{"rendered":"<p>Asociacioni i Gazetar\u00ebve t\u00eb Kosov\u00ebs (AGK), ka reaguar ndaj deklaratave t\u00eb an\u00ebtarit t\u00eb L\u00ebvizjes Vet\u00ebvendosje (LVV), Sami Kurteshi i cili deklaroi n\u00eb konferenc\u00eb se tri media pat\u00ebn \u201crol negative dhe dezinformues, sidomos me nxjerrjen e xhirimeve t\u00eb paautorizuara. N\u00eb at\u00eb koh\u00eb RTK-ja mbulonte gjith\u00eb propagand\u00ebn kund\u00ebr L\u00ebvizjes Vet\u00ebvendosje dhe arsyetonte arrestimet\u201d, p\u00ebr rastin e ish-aktivistit t\u00eb VV-s\u00eb, Astrit Dehari.<\/p>\n<p>Sipas AGK-s\u00eb, kjo \u00ebsht\u00eb deklarat\u00eb \u201ce pap\u00ebrgjegjshme\u201d dhe \u201ce rrezikshme\u201d e Kurteshit.<\/p>\n<p>\u201cDeklarata t\u00eb tilla v\u00ebn\u00eb n\u00eb rrezik sigurin\u00eb e gazetar\u00ebve t\u00eb k\u00ebtyre dy medieve, dhe jan\u00eb t\u00eb papranueshme. Rasti Dehari ishte dhe mbetet me interes t\u00eb lart\u00eb p\u00ebr publikun, dhe n\u00eb at\u00eb koh\u00eb specifikat e atij rasti ishin ndar\u00eb n\u00eb detaje nga vet\u00eb L\u00ebvizja Vet\u00ebvendosje\u201d.<\/p>\n<p>\u201cXhirimet e publikuara nga mediat kan\u00eb zbuluar rrethanat e ngjarjes n\u00eb qendr\u00ebn e paraburgimit ku pritej siguri e lart\u00eb, dhe ka kontribuar n\u00eb informimin e publikut\u201d, thuhet n\u00eb <a href=\"https:\/\/www.facebook.com\/watch?v=806417497991748\">komunikat\u00ebn e AGK-s\u00eb.<\/a><\/p>\n<p>\t\t<i><\/i><ins data-dcm-landing-page-escapes=\"0\" data-dcm-click-tracker=\"https:\/\/track.adform.net\/C\/?bn=73199340;adfibeg=0;cdata=wY0ZHC8ypbQniOq3Sj8hschgQeJ3VY4zU1bO9ulaUP_iCMviXuI_n4RPYRHBxkqVPVtGasWBO2DsQ97SqeB3vafpodL8HlhSS5QNXFy9YSXxjmdMEY9WqD7eKsUQLet9dO-UMsCLM2opnkTpCdy6-w2;;CREFURL=https%3a%2f%2feuro-pixel.com%2ftest.php;C=1;cpdir=\" class=\"dcmads\" data-dcm-placement=\"N571601.4773204ALBANIANPOST.COM\/B32392692.399829096\" data-dcm-rendering-mode=\"iframe\" data-dcm-https-only=\"\" data-dcm-api-frameworks=\"[APIFRAMEWORKS]\" data-dcm-omid-partner=\"[OMIDPARTNER]\" data-dcm-gdpr-applies=\"gdpr=\" data-dcm-gdpr-consent=\"gdpr_consent=\" data-dcm-addtl-consent=\"addtl_consent=${ADDTL_CONSENT}\" data-dcm-ltd=\"false\" data-dcm-resettable-device-id=\"\" data-dcm-app-id=\"\" data-dcm-processed=\"y\"><\/p>\n<p>\t\t<\/ins><\/p>\n<p>An\u00ebtari i L\u00ebvizjes Vet\u00ebvendosje (LVV) n\u00eb pushtet ekzekutiv,\u00a0<a href=\"https:\/\/albanianpost.com\/lvv-ja-akuzon-thacin-e-veselin-urdhri-per-vrasjen-e-deharit-erdhi-nga-maja-e-shtetit\/\"><strong>Sami Kurteshi<\/strong><\/a>,\u00a0 pa asnj\u00eb prov\u00eb ka akuzuar institucionet kosovare, p\u00ebrfshir\u00eb policin\u00eb dhe Agjencin\u00eb Kosovare t\u00eb Intelegjenc\u00ebs (AKI), duke th\u00ebn\u00eb se ata kan\u00eb qen\u00eb t\u00eb p\u00ebrfshir\u00eb n\u00eb \u201cinskenim\u201d t\u00eb rastit.<\/p>\n<p>Gjithashtu, ai ka akuzuar edhe prokurorin\u00eb p\u00ebr \u201czvarritje\u201d t\u00eb rastit, duke theksuar se pes\u00eb prokuror\u00eb q\u00eb jan\u00eb marr\u00eb me zbardhjen e rastit Dehari kan\u00eb qen\u00eb n\u00eb prag t\u00eb pensionimit.<\/p>\n<p>\u201cUrdhri \u2018p\u00ebr vrasje\u2019 ka qen\u00eb politik nga maja e shtetit, fatkeq\u00ebsisht n\u00eb at\u00eb koh\u00eb nga presidenti i vendit dhe kryekuvendari q\u00eb edhe n\u00eb mjete t\u00eb informimit kan\u00eb pranuar se \u00ebsht\u00eb vrasje rasti i Deharit dhe ata kan\u00eb dh\u00ebn\u00eb urdh\u00ebr t\u00eb drejtp\u00ebrdrejt p\u00ebr veglat e tyre n\u00eb prokurori, gjykat\u00eb, AKI e polici, p\u00ebr ta inskenuar rastin\u201d, ka deklaruar Kurteshi t\u00eb h\u00ebn\u00ebn n\u00eb konferenc\u00eb.<\/p>\n<p>\u201cNuk mund t\u00eb fshihet nj\u00eb krim i vrasjes duke shkuar n\u00eb pension dhe duke i l\u00ebn\u00eb pun\u00ebt n\u00eb gjysm\u00eb\u2026 strategjia e prokuroris\u00eb: zvarritja e rastit, bartja e rastit te prokuror\u00ebt parapensionist\u00eb q\u00eb dor\u00ebzojn\u00eb stafet\u00ebn e krimit nga nj\u00ebri tek tjetri \u2013 rasti nuk mund t\u00eb zvarritet n\u00eb p\u00ebrjet\u00ebsi, do t\u00eb zbardhet\u201d, ka shtuar ai.<\/p>\n<p>Aktivisti i LVV-s\u00eb ka vdekur m\u00eb 5 n\u00ebntor t\u00eb vitit 2016 teksa mbahej n\u00eb Qendr\u00ebn e Paraburgimit n\u00eb Prizren.<\/p>\n<p>The post <a rel=\"nofollow\" href=\"https:\/\/albanianpost.com\/agk-deklaratat-e-kurteshit-per-gazetaret-jane-te-rrezikshme-dhe-te-papranueshme\/\">AGK: Deklaratat e Kurteshit p\u00ebr gazetar\u00ebt jan\u00eb t\u00eb rrezikshme dhe t\u00eb papranueshme<\/a> appeared first on <a rel=\"nofollow\" href=\"https:\/\/albanianpost.com\/\">Albanian Post<\/a>.<\/p>\n","protected":false},"excerpt":{"rendered":"<p>Asociacioni i Gazetar\u00ebve t\u00eb Kosov\u00ebs (AGK), ka reaguar ndaj deklaratave t\u00eb an\u00ebtarit t\u00eb L\u00ebvizjes Vet\u00ebvendosje (LVV), Sami Kurteshi i cili deklaroi n\u00eb konferenc\u00eb se tri media pat\u00ebn \u201crol negative dhe dezinformues, sidomos me nxjerrjen e xhirimeve t\u00eb paautorizuara. N\u00eb at\u00eb koh\u00eb RTK-ja mbulonte gjith\u00eb propagand\u00ebn kund\u00ebr L\u00ebvizjes Vet\u00ebvendosje dhe arsyetonte arrestimet\u201d, p\u00ebr rastin e ish-aktivistit [&hellip;]<\/p>\n","protected":false},"author":1,"featured_media":7785,"comment_status":"open","ping_status":"open","sticky":false,"template":"","format":"standard","meta":{"footnotes":""},"categories":[1],"tags":[],"class_list":["post-7784","post","type-post","status-publish","format-standard","has-post-thumbnail","hentry","category-uncategorized"],"_links":{"self":[{"href":"https:\/\/radiogjilani.com\/index.php\/wp-json\/wp\/v2\/posts\/7784","targetHints":{"allow":["GET"]}}],"collection":[{"href":"https:\/\/radiogjilani.com\/index.php\/wp-json\/wp\/v2\/posts"}],"about":[{"href":"https:\/\/radiogjilani.com\/index.php\/wp-json\/wp\/v2\/types\/post"}],"author":[{"embeddable":true,"href":"https:\/\/radiogjilani.com\/index.php\/wp-json\/wp\/v2\/users\/1"}],"replies":[{"embeddable":true,"href":"https:\/\/radiogjilani.com\/index.php\/wp-json\/wp\/v2\/comments?post=7784"}],"version-history":[{"count":0,"href":"https:\/\/radiogjilani.com\/index.php\/wp-json\/wp\/v2\/posts\/7784\/revisions"}],"wp:featuredmedia":[{"embeddable":true,"href":"https:\/\/radiogjilani.com\/index.php\/wp-json\/wp\/v2\/media\/7785"}],"wp:attachment":[{"href":"https:\/\/radiogjilani.com\/index.php\/wp-json\/wp\/v2\/media?parent=7784"}],"wp:term":[{"taxonomy":"category","embeddable":true,"href":"https:\/\/radiogjilani.com\/index.php\/wp-json\/wp\/v2\/categories?post=7784"},{"taxonomy":"post_tag","embeddable":true,"href":"https:\/\/radiogjilani.com\/index.php\/wp-json\/wp\/v2\/tags?post=7784"}],"curies":[{"name":"wp","href":"https:\/\/api.w.org\/{rel}","templated":true}]}}