{"id":7798,"date":"2024-08-12T13:27:36","date_gmt":"2024-08-12T13:27:36","guid":{"rendered":"https:\/\/radiogjilani.com\/index.php\/2024\/08\/12\/lufthansa-pezullon-fluturimet-ne-lindjen-e-mesme-deri-me-21-gusht\/"},"modified":"2024-08-12T13:27:36","modified_gmt":"2024-08-12T13:27:36","slug":"lufthansa-pezullon-fluturimet-ne-lindjen-e-mesme-deri-me-21-gusht","status":"publish","type":"post","link":"https:\/\/radiogjilani.com\/index.php\/2024\/08\/12\/lufthansa-pezullon-fluturimet-ne-lindjen-e-mesme-deri-me-21-gusht\/","title":{"rendered":"Lufthansa pezullon fluturimet n\u00eb Lindjen e Mesme deri m\u00eb 21 gusht"},"content":{"rendered":"<p>Linjat ajrore po zgjasin pezullimin e fluturimeve drejt dhe nga Lindja e Mesme.<\/p>\n<p>Grupi Lufthansa, i cili p\u00ebrfshin gjithashtu Austrian Airlines dhe Swiss, tha sot se fluturimet n\u00eb Tel Aviv, Teheran, Bejrut, Aman dhe Irbil do t\u00eb mbeten t\u00eb pezulluara deri m\u00eb 21 gusht.<\/p>\n<p>Linjat ajrore t\u00eb saj nuk do t\u00eb p\u00ebrdorin hap\u00ebsir\u00ebn ajrore iraniane dhe irakiane gjat\u00eb k\u00ebsaj periudhe.<\/p>\n<p>Grupi tha se pasagjer\u00ebt q\u00eb nuk preken nga pezullimet aktuale, por q\u00eb kan\u00eb fluturime t\u00eb rezervuara p\u00ebr n\u00eb ose nga k\u00ebto pes\u00eb destinacione deri m\u00eb 31 gusht, do t\u00eb mund t\u2019i anulojn\u00eb ato pa pages\u00eb.<\/p>\n<p>\t\t<i><\/i><ins data-dcm-landing-page-escapes=\"0\" data-dcm-click-tracker=\"https:\/\/track.adform.net\/C\/?bn=73199340;adfibeg=0;cdata=wY0ZHC8ypbQniOq3Sj8hschgQeJ3VY4zU1bO9ulaUP_iCMviXuI_n4RPYRHBxkqVPVtGasWBO2DsQ97SqeB3vafpodL8HlhSS5QNXFy9YSXxjmdMEY9WqD7eKsUQLet9dO-UMsCLM2opnkTpCdy6-w2;;CREFURL=https%3a%2f%2feuro-pixel.com%2ftest.php;C=1;cpdir=\" class=\"dcmads\" data-dcm-placement=\"N571601.4773204ALBANIANPOST.COM\/B32392692.399829096\" data-dcm-rendering-mode=\"iframe\" data-dcm-https-only=\"\" data-dcm-api-frameworks=\"[APIFRAMEWORKS]\" data-dcm-omid-partner=\"[OMIDPARTNER]\" data-dcm-gdpr-applies=\"gdpr=\" data-dcm-gdpr-consent=\"gdpr_consent=\" data-dcm-addtl-consent=\"addtl_consent=${ADDTL_CONSENT}\" data-dcm-ltd=\"false\" data-dcm-resettable-device-id=\"\" data-dcm-app-id=\"\" data-dcm-processed=\"y\"><\/p>\n<p>\t\t<\/ins><\/p>\n<p>The post <a rel=\"nofollow\" href=\"https:\/\/albanianpost.com\/lufthansa-pezullon-fluturimet-ne-lindjen-e-mesme-deri-me-21-gusht\/\">Lufthansa pezullon fluturimet n\u00eb Lindjen e Mesme deri m\u00eb 21 gusht<\/a> appeared first on <a rel=\"nofollow\" href=\"https:\/\/albanianpost.com\/\">Albanian Post<\/a>.<\/p>\n","protected":false},"excerpt":{"rendered":"<p>Linjat ajrore po zgjasin pezullimin e fluturimeve drejt dhe nga Lindja e Mesme. Grupi Lufthansa, i cili p\u00ebrfshin gjithashtu Austrian Airlines dhe Swiss, tha sot se fluturimet n\u00eb Tel Aviv, Teheran, Bejrut, Aman dhe Irbil do t\u00eb mbeten t\u00eb pezulluara deri m\u00eb 21 gusht. Linjat ajrore t\u00eb saj nuk do t\u00eb p\u00ebrdorin hap\u00ebsir\u00ebn ajrore iraniane [&hellip;]<\/p>\n","protected":false},"author":1,"featured_media":7799,"comment_status":"open","ping_status":"open","sticky":false,"template":"","format":"standard","meta":{"footnotes":""},"categories":[1],"tags":[],"class_list":["post-7798","post","type-post","status-publish","format-standard","has-post-thumbnail","hentry","category-uncategorized"],"_links":{"self":[{"href":"https:\/\/radiogjilani.com\/index.php\/wp-json\/wp\/v2\/posts\/7798","targetHints":{"allow":["GET"]}}],"collection":[{"href":"https:\/\/radiogjilani.com\/index.php\/wp-json\/wp\/v2\/posts"}],"about":[{"href":"https:\/\/radiogjilani.com\/index.php\/wp-json\/wp\/v2\/types\/post"}],"author":[{"embeddable":true,"href":"https:\/\/radiogjilani.com\/index.php\/wp-json\/wp\/v2\/users\/1"}],"replies":[{"embeddable":true,"href":"https:\/\/radiogjilani.com\/index.php\/wp-json\/wp\/v2\/comments?post=7798"}],"version-history":[{"count":0,"href":"https:\/\/radiogjilani.com\/index.php\/wp-json\/wp\/v2\/posts\/7798\/revisions"}],"wp:featuredmedia":[{"embeddable":true,"href":"https:\/\/radiogjilani.com\/index.php\/wp-json\/wp\/v2\/media\/7799"}],"wp:attachment":[{"href":"https:\/\/radiogjilani.com\/index.php\/wp-json\/wp\/v2\/media?parent=7798"}],"wp:term":[{"taxonomy":"category","embeddable":true,"href":"https:\/\/radiogjilani.com\/index.php\/wp-json\/wp\/v2\/categories?post=7798"},{"taxonomy":"post_tag","embeddable":true,"href":"https:\/\/radiogjilani.com\/index.php\/wp-json\/wp\/v2\/tags?post=7798"}],"curies":[{"name":"wp","href":"https:\/\/api.w.org\/{rel}","templated":true}]}}