{"id":7802,"date":"2024-08-12T13:27:34","date_gmt":"2024-08-12T13:27:34","guid":{"rendered":"https:\/\/radiogjilani.com\/index.php\/2024\/08\/12\/de-ligt-dhe-mazraoui-te-manchester-united-per-70-milione-euro\/"},"modified":"2024-08-12T13:27:34","modified_gmt":"2024-08-12T13:27:34","slug":"de-ligt-dhe-mazraoui-te-manchester-united-per-70-milione-euro","status":"publish","type":"post","link":"https:\/\/radiogjilani.com\/index.php\/2024\/08\/12\/de-ligt-dhe-mazraoui-te-manchester-united-per-70-milione-euro\/","title":{"rendered":"De Ligt dhe Mazraoui te Manchester United p\u00ebr 70 milion\u00eb euro"},"content":{"rendered":"<p>Manchester United ka vendosur t\u00eb intensifikoj\u00eb l\u00ebvizjet e tyre n\u00eb tregun e transferimeve, duke b\u00ebr\u00eb dy n\u00ebnshkrime ky\u00e7e p\u00ebr t\u00eb forcuar mbrojtjen. Klubi anglez ka arritur nj\u00eb marr\u00ebveshje me Bayern Munich p\u00ebr t\u00eb n\u00ebnshkruar me Matthijs De Ligt dhe Noussair Mazraoui.<\/p>\n<p>Operacioni i par\u00eb i konfirmuar \u00ebsht\u00eb shitja e Aaron Wan-Bissaka te West Ham p\u00ebr 15 milion\u00eb euro. Ky largim i ka lejuar United t\u00eb ec\u00eb p\u00ebrpara n\u00eb negociatat p\u00ebr t\u00eb sjell\u00eb dy mbrojt\u00ebsit e Bayern-it.<\/p>\n<p>De Ligt, i cili do t\u00eb n\u00ebnshkruaj\u00eb nj\u00eb kontrat\u00eb gjasht\u00ebvje\u00e7are me opsionin e nj\u00eb viti m\u00eb shum\u00eb, do t\u00eb arrij\u00eb n\u00eb \u201cOld Trafford\u201d p\u00ebr nj\u00eb shif\u00ebr prej 45 milion\u00eb euro plus 5 milion\u00eb n\u00eb bonuse.<\/p>\n<p>Shtimi i holandezit shihet si nj\u00eb p\u00ebrforcim jetik n\u00eb qendr\u00ebn e mbrojtjes, duke i siguruar Erik ten Hag-ut nj\u00eb opsion solid dhe me p\u00ebrvoj\u00eb.<\/p>\n<p>\t\t<i><\/i><ins data-dcm-landing-page-escapes=\"0\" data-dcm-click-tracker=\"https:\/\/track.adform.net\/C\/?bn=73199340;adfibeg=0;cdata=wY0ZHC8ypbQniOq3Sj8hschgQeJ3VY4zU1bO9ulaUP_iCMviXuI_n4RPYRHBxkqVPVtGasWBO2DsQ97SqeB3vafpodL8HlhSS5QNXFy9YSXxjmdMEY9WqD7eKsUQLet9dO-UMsCLM2opnkTpCdy6-w2;;CREFURL=https%3a%2f%2feuro-pixel.com%2ftest.php;C=1;cpdir=\" class=\"dcmads\" data-dcm-placement=\"N571601.4773204ALBANIANPOST.COM\/B32392692.399829096\" data-dcm-rendering-mode=\"iframe\" data-dcm-https-only=\"\" data-dcm-api-frameworks=\"[APIFRAMEWORKS]\" data-dcm-omid-partner=\"[OMIDPARTNER]\" data-dcm-gdpr-applies=\"gdpr=\" data-dcm-gdpr-consent=\"gdpr_consent=\" data-dcm-addtl-consent=\"addtl_consent=${ADDTL_CONSENT}\" data-dcm-ltd=\"false\" data-dcm-resettable-device-id=\"\" data-dcm-app-id=\"\" data-dcm-processed=\"y\"><\/p>\n<p>\t\t<\/ins><\/p>\n<p>Nga ana tjet\u00ebr, Mazraoui do t\u00eb p\u00ebrforcoj\u00eb situat\u00ebn n\u00eb krahun e djatht\u00eb t\u00eb mbrojtjes. Marokeni do t\u2019i bashkohet United p\u00ebr nj\u00eb tarif\u00eb fillestare prej 15 milion\u00eb eurosh, me 5 milion\u00eb euro t\u00eb tjera bonuse t\u00eb mundshme.<\/p>\n<p>Ardhja e marokenit siguron nj\u00eb konkurrenc\u00eb m\u00eb t\u00eb madhe n\u00eb korsin\u00eb e djatht\u00eb, nj\u00eb pozicion q\u00eb duhej t\u00eb forcohej pas largimit t\u00eb Wan-Bissaka.<\/p>\n<p>K\u00ebto l\u00ebvizje n\u00ebnvizojn\u00eb synimin e United p\u00ebr t\u00eb mos mbetur prapa n\u00eb gar\u00ebn e transferimeve k\u00ebt\u00eb ver\u00eb. Me shtimin e De Ligt dhe Mazraoui, skuadra jo vet\u00ebm q\u00eb p\u00ebrmir\u00ebson mbrojtjen e saj, por gjithashtu d\u00ebrgon nj\u00eb mesazh t\u00eb qart\u00eb p\u00ebr ambiciet e tij p\u00ebr sezonin e ardhsh\u00ebm.<\/p>\n<p>Tashm\u00eb, tifoz\u00ebt presin konfirmimin zyrtar t\u00eb k\u00ebtyre operacioneve n\u00eb or\u00ebt n\u00eb vijim, nd\u00ebrsa klubi vijon pun\u00ebn p\u00ebr t\u00eb nd\u00ebrtuar nj\u00eb ekip t\u00eb aft\u00eb p\u00ebr t\u00eb garuar n\u00eb t\u00eb gjitha frontet.<\/p>\n<p>The post <a rel=\"nofollow\" href=\"https:\/\/albanianpost.com\/de-ligt-dhe-mazraoui-te-manchester-united-per-70-milione-euro\/\">De Ligt dhe Mazraoui te Manchester United p\u00ebr 70 milion\u00eb euro<\/a> appeared first on <a rel=\"nofollow\" href=\"https:\/\/albanianpost.com\/\">Albanian Post<\/a>.<\/p>\n","protected":false},"excerpt":{"rendered":"<p>Manchester United ka vendosur t\u00eb intensifikoj\u00eb l\u00ebvizjet e tyre n\u00eb tregun e transferimeve, duke b\u00ebr\u00eb dy n\u00ebnshkrime ky\u00e7e p\u00ebr t\u00eb forcuar mbrojtjen. Klubi anglez ka arritur nj\u00eb marr\u00ebveshje me Bayern Munich p\u00ebr t\u00eb n\u00ebnshkruar me Matthijs De Ligt dhe Noussair Mazraoui. Operacioni i par\u00eb i konfirmuar \u00ebsht\u00eb shitja e Aaron Wan-Bissaka te West Ham p\u00ebr [&hellip;]<\/p>\n","protected":false},"author":1,"featured_media":7803,"comment_status":"open","ping_status":"open","sticky":false,"template":"","format":"standard","meta":{"footnotes":""},"categories":[1],"tags":[],"class_list":["post-7802","post","type-post","status-publish","format-standard","has-post-thumbnail","hentry","category-uncategorized"],"_links":{"self":[{"href":"https:\/\/radiogjilani.com\/index.php\/wp-json\/wp\/v2\/posts\/7802","targetHints":{"allow":["GET"]}}],"collection":[{"href":"https:\/\/radiogjilani.com\/index.php\/wp-json\/wp\/v2\/posts"}],"about":[{"href":"https:\/\/radiogjilani.com\/index.php\/wp-json\/wp\/v2\/types\/post"}],"author":[{"embeddable":true,"href":"https:\/\/radiogjilani.com\/index.php\/wp-json\/wp\/v2\/users\/1"}],"replies":[{"embeddable":true,"href":"https:\/\/radiogjilani.com\/index.php\/wp-json\/wp\/v2\/comments?post=7802"}],"version-history":[{"count":0,"href":"https:\/\/radiogjilani.com\/index.php\/wp-json\/wp\/v2\/posts\/7802\/revisions"}],"wp:featuredmedia":[{"embeddable":true,"href":"https:\/\/radiogjilani.com\/index.php\/wp-json\/wp\/v2\/media\/7803"}],"wp:attachment":[{"href":"https:\/\/radiogjilani.com\/index.php\/wp-json\/wp\/v2\/media?parent=7802"}],"wp:term":[{"taxonomy":"category","embeddable":true,"href":"https:\/\/radiogjilani.com\/index.php\/wp-json\/wp\/v2\/categories?post=7802"},{"taxonomy":"post_tag","embeddable":true,"href":"https:\/\/radiogjilani.com\/index.php\/wp-json\/wp\/v2\/tags?post=7802"}],"curies":[{"name":"wp","href":"https:\/\/api.w.org\/{rel}","templated":true}]}}