{"id":7806,"date":"2024-08-13T14:17:48","date_gmt":"2024-08-13T14:17:48","guid":{"rendered":"https:\/\/radiogjilani.com\/index.php\/2024\/08\/13\/shpenzimet-miliardeshe-te-ligave-evropiane-sa-harxhuan-kosova-e-shqiperia\/"},"modified":"2024-08-13T14:17:48","modified_gmt":"2024-08-13T14:17:48","slug":"shpenzimet-miliardeshe-te-ligave-evropiane-sa-harxhuan-kosova-e-shqiperia","status":"publish","type":"post","link":"https:\/\/radiogjilani.com\/index.php\/2024\/08\/13\/shpenzimet-miliardeshe-te-ligave-evropiane-sa-harxhuan-kosova-e-shqiperia\/","title":{"rendered":"Shpenzimet miliard\u00ebshe t\u00eb ligave evropiane, sa harxhuan Kosova e Shqip\u00ebria?"},"content":{"rendered":"<p>Bleron Ajeti, zyrtar i faqes s\u00eb specializuar p\u00ebr vler\u00ebn e futbollist\u00ebve \u2013 Transfermarkt, ka qen\u00eb mysafir i emisionit Favorit n\u00eb T7 n\u00eb fundjav\u00ebn q\u00eb shkoi. Dhe, Ajeti ka dh\u00ebn\u00eb statistika interesante n\u00eb emision, duke nisur nga formacioni m\u00eb i vlefsh\u00ebm i Superlig\u00ebs s\u00eb Kosov\u00ebs n\u00eb futboll, p\u00ebr t\u00eb vazhduar me vler\u00ebn e klubeve elitare t\u00eb vendit ton\u00eb dhe p\u00ebr futbollist\u00ebt m\u00eb t\u00eb shtrenjt\u00eb apo vlefsh\u00ebm q\u00eb&#8230;<\/p>\n<p><a href=\"https:\/\/ekonomiaonline.com\/shpenzimet-miliardeshe-te-ligave-evropiane-sa-harxhuan-kosova-e-shqiperia\/\" rel=\"nofollow\">Source<\/a><\/p>\n","protected":false},"excerpt":{"rendered":"<p>Bleron Ajeti, zyrtar i faqes s\u00eb specializuar p\u00ebr vler\u00ebn e futbollist\u00ebve \u2013 Transfermarkt, ka qen\u00eb mysafir i emisionit Favorit n\u00eb T7 n\u00eb fundjav\u00ebn q\u00eb shkoi. Dhe, Ajeti ka dh\u00ebn\u00eb statistika interesante n\u00eb emision, duke nisur nga formacioni m\u00eb i vlefsh\u00ebm i Superlig\u00ebs s\u00eb Kosov\u00ebs n\u00eb futboll, p\u00ebr t\u00eb vazhduar me vler\u00ebn e klubeve elitare t\u00eb [&hellip;]<\/p>\n","protected":false},"author":1,"featured_media":7807,"comment_status":"open","ping_status":"open","sticky":false,"template":"","format":"standard","meta":{"footnotes":""},"categories":[19],"tags":[],"class_list":["post-7806","post","type-post","status-publish","format-standard","has-post-thumbnail","hentry","category-eko"],"_links":{"self":[{"href":"https:\/\/radiogjilani.com\/index.php\/wp-json\/wp\/v2\/posts\/7806","targetHints":{"allow":["GET"]}}],"collection":[{"href":"https:\/\/radiogjilani.com\/index.php\/wp-json\/wp\/v2\/posts"}],"about":[{"href":"https:\/\/radiogjilani.com\/index.php\/wp-json\/wp\/v2\/types\/post"}],"author":[{"embeddable":true,"href":"https:\/\/radiogjilani.com\/index.php\/wp-json\/wp\/v2\/users\/1"}],"replies":[{"embeddable":true,"href":"https:\/\/radiogjilani.com\/index.php\/wp-json\/wp\/v2\/comments?post=7806"}],"version-history":[{"count":0,"href":"https:\/\/radiogjilani.com\/index.php\/wp-json\/wp\/v2\/posts\/7806\/revisions"}],"wp:featuredmedia":[{"embeddable":true,"href":"https:\/\/radiogjilani.com\/index.php\/wp-json\/wp\/v2\/media\/7807"}],"wp:attachment":[{"href":"https:\/\/radiogjilani.com\/index.php\/wp-json\/wp\/v2\/media?parent=7806"}],"wp:term":[{"taxonomy":"category","embeddable":true,"href":"https:\/\/radiogjilani.com\/index.php\/wp-json\/wp\/v2\/categories?post=7806"},{"taxonomy":"post_tag","embeddable":true,"href":"https:\/\/radiogjilani.com\/index.php\/wp-json\/wp\/v2\/tags?post=7806"}],"curies":[{"name":"wp","href":"https:\/\/api.w.org\/{rel}","templated":true}]}}