{"id":7822,"date":"2024-08-13T14:17:40","date_gmt":"2024-08-13T14:17:40","guid":{"rendered":"https:\/\/radiogjilani.com\/index.php\/2024\/08\/13\/rama-njofton-per-vendosjen-e-senzoreve-ne-parkingje-ne-disa-rruge-te-kryeqytetit-tregon-perparesite\/"},"modified":"2024-08-13T14:17:40","modified_gmt":"2024-08-13T14:17:40","slug":"rama-njofton-per-vendosjen-e-senzoreve-ne-parkingje-ne-disa-rruge-te-kryeqytetit-tregon-perparesite","status":"publish","type":"post","link":"https:\/\/radiogjilani.com\/index.php\/2024\/08\/13\/rama-njofton-per-vendosjen-e-senzoreve-ne-parkingje-ne-disa-rruge-te-kryeqytetit-tregon-perparesite\/","title":{"rendered":"Rama njofton p\u00ebr vendosjen e senzor\u00ebve n\u00eb parkingje n\u00eb disa rrug\u00eb t\u00eb kryeqytetit, tregon p\u00ebrpar\u00ebsit\u00eb"},"content":{"rendered":"<p>Kryetari i Komun\u00ebs s\u00eb Prishtin\u00ebs, P\u00ebrparim Rama, ka njoftuar se ka filluar vendosja e senzor\u00ebve n\u00eb parkingjet n\u00eb disa rrug\u00eb t\u00eb kryeqytetit. Sipas Ram\u00ebs, k\u00ebshtu do t\u00eb ofrohet pamje n\u00eb koh\u00eb reale e numrit t\u00eb hap\u00ebsirave t\u00eb vendparkingjeve, qasje m\u00eb e leht\u00eb p\u00ebr qytetar\u00ebt n\u00eb gjetjen e vendparkingjeve dhe menaxhim m\u00eb i avancuar dhe efikas. \u201cKy transformim do t\u00eb krijoj\u00eb mund\u00ebsi p\u00ebr zgjerim dhe inovacion&#8230;<\/p>\n<p><a href=\"https:\/\/ekonomiaonline.com\/rama-njofton-per-vendosjen-e-senzoreve-ne-parkingje-ne-disa-rruge-te-kryeqytetit-tregon-perparesite\/\" rel=\"nofollow\">Source<\/a><\/p>\n","protected":false},"excerpt":{"rendered":"<p>Kryetari i Komun\u00ebs s\u00eb Prishtin\u00ebs, P\u00ebrparim Rama, ka njoftuar se ka filluar vendosja e senzor\u00ebve n\u00eb parkingjet n\u00eb disa rrug\u00eb t\u00eb kryeqytetit. Sipas Ram\u00ebs, k\u00ebshtu do t\u00eb ofrohet pamje n\u00eb koh\u00eb reale e numrit t\u00eb hap\u00ebsirave t\u00eb vendparkingjeve, qasje m\u00eb e leht\u00eb p\u00ebr qytetar\u00ebt n\u00eb gjetjen e vendparkingjeve dhe menaxhim m\u00eb i avancuar dhe efikas. [&hellip;]<\/p>\n","protected":false},"author":1,"featured_media":7823,"comment_status":"open","ping_status":"open","sticky":false,"template":"","format":"standard","meta":{"footnotes":""},"categories":[19],"tags":[],"class_list":["post-7822","post","type-post","status-publish","format-standard","has-post-thumbnail","hentry","category-eko"],"_links":{"self":[{"href":"https:\/\/radiogjilani.com\/index.php\/wp-json\/wp\/v2\/posts\/7822","targetHints":{"allow":["GET"]}}],"collection":[{"href":"https:\/\/radiogjilani.com\/index.php\/wp-json\/wp\/v2\/posts"}],"about":[{"href":"https:\/\/radiogjilani.com\/index.php\/wp-json\/wp\/v2\/types\/post"}],"author":[{"embeddable":true,"href":"https:\/\/radiogjilani.com\/index.php\/wp-json\/wp\/v2\/users\/1"}],"replies":[{"embeddable":true,"href":"https:\/\/radiogjilani.com\/index.php\/wp-json\/wp\/v2\/comments?post=7822"}],"version-history":[{"count":0,"href":"https:\/\/radiogjilani.com\/index.php\/wp-json\/wp\/v2\/posts\/7822\/revisions"}],"wp:featuredmedia":[{"embeddable":true,"href":"https:\/\/radiogjilani.com\/index.php\/wp-json\/wp\/v2\/media\/7823"}],"wp:attachment":[{"href":"https:\/\/radiogjilani.com\/index.php\/wp-json\/wp\/v2\/media?parent=7822"}],"wp:term":[{"taxonomy":"category","embeddable":true,"href":"https:\/\/radiogjilani.com\/index.php\/wp-json\/wp\/v2\/categories?post=7822"},{"taxonomy":"post_tag","embeddable":true,"href":"https:\/\/radiogjilani.com\/index.php\/wp-json\/wp\/v2\/tags?post=7822"}],"curies":[{"name":"wp","href":"https:\/\/api.w.org\/{rel}","templated":true}]}}