{"id":7834,"date":"2024-08-13T14:18:26","date_gmt":"2024-08-13T14:18:26","guid":{"rendered":"https:\/\/radiogjilani.com\/index.php\/2024\/08\/13\/grafiti-vdekje-shqiptareve-ne-bujanoc-kamberi-albanofobi-e-nxitur-nga-njerezit-e-vucic-it\/"},"modified":"2024-08-13T14:18:26","modified_gmt":"2024-08-13T14:18:26","slug":"grafiti-vdekje-shqiptareve-ne-bujanoc-kamberi-albanofobi-e-nxitur-nga-njerezit-e-vucic-it","status":"publish","type":"post","link":"https:\/\/radiogjilani.com\/index.php\/2024\/08\/13\/grafiti-vdekje-shqiptareve-ne-bujanoc-kamberi-albanofobi-e-nxitur-nga-njerezit-e-vucic-it\/","title":{"rendered":"Grafiti \u201cvdekje shqiptar\u00ebve\u201d n\u00eb Bujanoc, Kamberi: Albanofobi e nxitur nga njer\u00ebzit e Vu\u00e7i\u00e7-it"},"content":{"rendered":"<p>Nj\u00eb grafit n\u00eb gjuh\u00ebn serbe ku shkruan \u201cvdekje shqiptar\u00ebve\u201d \u00ebsht\u00eb shfaqur n\u00eb oborrin e sht\u00ebpis\u00eb s\u00eb sh\u00ebndetit n\u00eb Bujanoc, nj\u00eb dit\u00eb pas protest\u00ebs s\u00eb komunitetit shqiptar kund\u00ebr politik\u00ebs diskriminuese t\u00eb Serbis\u00eb.<\/p>\n<p>P\u00ebr k\u00ebt\u00eb grafit me p\u00ebrmbajtje t\u00eb urrejtjes e mosdurimit ka reaguar deputeti i vet\u00ebm shqiptar n\u00eb Kuvendin e Serbis\u00eb, Shaip Kamberi, duke e cil\u00ebsuar aktin si \u201calbanofobi e nxitur\u201d.<\/p>\n<p>\u201cPas deklaratave t\u00eb shefit t\u00eb vart\u00ebsit t\u00eb Aleksandar Vu\u00e7i\u00e7-it, Dragan Stevanovi\u00e7 \u2013 Bocke dhe Drejtorit t\u00eb Sh\u00ebrbimit t\u00eb Trupit koordinues p\u00ebr Preshev\u00eb, Bujanoc dhe Medvegj\u00eb, Nenad Mitrovi\u00e7 t\u00eb cil\u00ebt nxituan t\u00eb gjykojn\u00eb protest\u00ebn e djeshme t\u00eb shqiptar\u00ebve p\u00ebr t\u00eb drejta e barazi, sot, kemi reagimin e para albanfob n\u00eb Bujanoc\u201d, ka shkruar ai n\u00eb platform\u00ebn sociale, Facebook.<\/p>\n<p>K\u00ebta dy zyrtar\u00eb shtet\u00ebror, sipas Kamberit, duke sulmuar t\u00eb drejt\u00ebn e shqiptar\u00ebve p\u00ebr protesta, p\u00ebr libra, p\u00ebr integrim, p\u00ebr njohje t\u00eb diploma, p\u00ebr ndales\u00eb t\u00eb pasivizimit, p\u00ebr zhvillim ekonomik, \u201ckan\u00eb nxitur nj\u00eb val\u00eb reagimesh antishqiptare, kulmi i s\u00eb cil\u00ebs u arrit me k\u00ebt\u00eb mbishkrim n\u00eb institucionin sh\u00ebndet\u00ebsor\u00eb\u201d.<\/p>\n<p>\t\t<i><\/i><ins data-dcm-landing-page-escapes=\"0\" data-dcm-click-tracker=\"https:\/\/track.adform.net\/C\/?bn=73199340;adfibeg=0;cdata=wY0ZHC8ypbQniOq3Sj8hschgQeJ3VY4zU1bO9ulaUP_iCMviXuI_n4RPYRHBxkqVPVtGasWBO2DsQ97SqeB3vafpodL8HlhSS5QNXFy9YSXxjmdMEY9WqD7eKsUQLet9dO-UMsCLM2opnkTpCdy6-w2;;CREFURL=https%3a%2f%2feuro-pixel.com%2ftest.php;C=1;cpdir=\" class=\"dcmads\" data-dcm-placement=\"N571601.4773204ALBANIANPOST.COM\/B32392692.399829096\" data-dcm-rendering-mode=\"iframe\" data-dcm-https-only=\"\" data-dcm-api-frameworks=\"[APIFRAMEWORKS]\" data-dcm-omid-partner=\"[OMIDPARTNER]\" data-dcm-gdpr-applies=\"gdpr=\" data-dcm-gdpr-consent=\"gdpr_consent=\" data-dcm-addtl-consent=\"addtl_consent=${ADDTL_CONSENT}\" data-dcm-ltd=\"false\" data-dcm-resettable-device-id=\"\" data-dcm-app-id=\"\" data-dcm-processed=\"y\"><\/p>\n<p>\t\t<\/ins><\/p>\n<p>\u201cAkoma nuk ka asnj\u00eb reagim nga organet e rendit, q\u00eb \u00ebsht\u00eb veprim krejt ndryshe nga ai para disa dit\u00ebve, kur nj\u00eb komentues shqiptar n\u00eb Facebook, ishte arrestuar \u2018p\u00ebr nxitje t\u00eb urrejtjes nd\u00ebrnacionale\u2019 dhe t\u00eb cilit \u00ebsht\u00eb shqiptuar masa e paraburgimit prej 30 dit\u00ebve\u201d, ka shtuar ai.<\/p>\n<p>Kamberi nd\u00ebr t\u00eb tjera ka njoftuar se grafiti n\u00eb fjal\u00eb \u00ebsht\u00eb shkruar nga persona ende t\u00eb paidentifikuar.<\/p>\n<blockquote class=\"wp-embedded-content\" data-secret=\"fr4xlFSJIc\">\n<p><a href=\"https:\/\/albanianpost.com\/nje-grafit-kercenues-ku-shkruan-vdekje-shqiptareve-shfaqet-ne-bujanoc\/\">Nj\u00eb grafit k\u00ebrc\u00ebnues ku shkruan \u201cvdekje shqiptar\u00ebve\u201d shfaqet n\u00eb Bujanoc<\/a><\/p>\n<\/blockquote>\n<p>The post <a rel=\"nofollow\" href=\"https:\/\/albanianpost.com\/grafiti-vdekje-shqiptareve-ne-bujanoc-kamberi-albanofobi-e-nxitur-nga-njerezit-e-vucic-it\/\">Grafiti \u201cvdekje shqiptar\u00ebve\u201d n\u00eb Bujanoc, Kamberi: Albanofobi e nxitur nga njer\u00ebzit e Vu\u00e7i\u00e7-it<\/a> appeared first on <a rel=\"nofollow\" href=\"https:\/\/albanianpost.com\/\">Albanian Post<\/a>.<\/p>\n","protected":false},"excerpt":{"rendered":"<p>Nj\u00eb grafit n\u00eb gjuh\u00ebn serbe ku shkruan \u201cvdekje shqiptar\u00ebve\u201d \u00ebsht\u00eb shfaqur n\u00eb oborrin e sht\u00ebpis\u00eb s\u00eb sh\u00ebndetit n\u00eb Bujanoc, nj\u00eb dit\u00eb pas protest\u00ebs s\u00eb komunitetit shqiptar kund\u00ebr politik\u00ebs diskriminuese t\u00eb Serbis\u00eb. P\u00ebr k\u00ebt\u00eb grafit me p\u00ebrmbajtje t\u00eb urrejtjes e mosdurimit ka reaguar deputeti i vet\u00ebm shqiptar n\u00eb Kuvendin e Serbis\u00eb, Shaip Kamberi, duke e cil\u00ebsuar [&hellip;]<\/p>\n","protected":false},"author":1,"featured_media":7835,"comment_status":"open","ping_status":"open","sticky":false,"template":"","format":"standard","meta":{"footnotes":""},"categories":[1],"tags":[],"class_list":["post-7834","post","type-post","status-publish","format-standard","has-post-thumbnail","hentry","category-uncategorized"],"_links":{"self":[{"href":"https:\/\/radiogjilani.com\/index.php\/wp-json\/wp\/v2\/posts\/7834","targetHints":{"allow":["GET"]}}],"collection":[{"href":"https:\/\/radiogjilani.com\/index.php\/wp-json\/wp\/v2\/posts"}],"about":[{"href":"https:\/\/radiogjilani.com\/index.php\/wp-json\/wp\/v2\/types\/post"}],"author":[{"embeddable":true,"href":"https:\/\/radiogjilani.com\/index.php\/wp-json\/wp\/v2\/users\/1"}],"replies":[{"embeddable":true,"href":"https:\/\/radiogjilani.com\/index.php\/wp-json\/wp\/v2\/comments?post=7834"}],"version-history":[{"count":0,"href":"https:\/\/radiogjilani.com\/index.php\/wp-json\/wp\/v2\/posts\/7834\/revisions"}],"wp:featuredmedia":[{"embeddable":true,"href":"https:\/\/radiogjilani.com\/index.php\/wp-json\/wp\/v2\/media\/7835"}],"wp:attachment":[{"href":"https:\/\/radiogjilani.com\/index.php\/wp-json\/wp\/v2\/media?parent=7834"}],"wp:term":[{"taxonomy":"category","embeddable":true,"href":"https:\/\/radiogjilani.com\/index.php\/wp-json\/wp\/v2\/categories?post=7834"},{"taxonomy":"post_tag","embeddable":true,"href":"https:\/\/radiogjilani.com\/index.php\/wp-json\/wp\/v2\/tags?post=7834"}],"curies":[{"name":"wp","href":"https:\/\/api.w.org\/{rel}","templated":true}]}}