{"id":7866,"date":"2024-08-14T14:17:58","date_gmt":"2024-08-14T14:17:58","guid":{"rendered":"https:\/\/radiogjilani.com\/index.php\/2024\/08\/14\/kastrati-kurti-ka-arritur-ta-shperndaje-te-perkrahesit-e-tij-gjuhen-e-serbeve-kunder-shba-s-e-nato-s\/"},"modified":"2024-08-14T14:17:58","modified_gmt":"2024-08-14T14:17:58","slug":"kastrati-kurti-ka-arritur-ta-shperndaje-te-perkrahesit-e-tij-gjuhen-e-serbeve-kunder-shba-s-e-nato-s","status":"publish","type":"post","link":"https:\/\/radiogjilani.com\/index.php\/2024\/08\/14\/kastrati-kurti-ka-arritur-ta-shperndaje-te-perkrahesit-e-tij-gjuhen-e-serbeve-kunder-shba-s-e-nato-s\/","title":{"rendered":"Kastrati: Kurti ka arritur ta shp\u00ebrndaj\u00eb te p\u00ebrkrah\u00ebsit e tij gjuh\u00ebn e serb\u00ebve kund\u00ebr ShBA-s e NATO-s"},"content":{"rendered":"<p>Deputeti i Partis\u00eb Demokratike t\u00eb Kosov\u00ebs, Ardian Kastrati, ka th\u00ebn\u00eb se kryeministri Albin Kurti, p\u00ebrve\u00e7 q\u00eb i ka b\u00ebr\u00eb armiq ShBA-t\u00eb, ka arritur ta shp\u00ebrndaj\u00eb te p\u00ebrkrah\u00ebsit e vet gjuh\u00ebn t\u00eb cilat sipas tij e p\u00ebrdorin edhe serb\u00ebt kundre kund\u00ebr SHBA-s\u00eb e NATO-s. Sipas deputetit t\u00eb PDK-s\u00eb, do t\u00eb turp\u00ebrohen t\u00eb gjith\u00eb ata q\u00eb kan\u00eb votuar k\u00ebt\u00eb qeverisje. \u201cAlbin Kurti p\u00ebrve\u00e7 q\u00eb i ka b\u00ebr\u00eb armiq SHBA-t\u00eb ka&#8230;<\/p>\n<p><a href=\"https:\/\/ekonomiaonline.com\/kastrati-kurti-ka-arritur-ta-shperndaje-te-perkrahesit-e-tij-gjuhen-e-serbeve-kunder-shba-s-e-nato-s\/\" rel=\"nofollow\">Source<\/a><\/p>\n","protected":false},"excerpt":{"rendered":"<p>Deputeti i Partis\u00eb Demokratike t\u00eb Kosov\u00ebs, Ardian Kastrati, ka th\u00ebn\u00eb se kryeministri Albin Kurti, p\u00ebrve\u00e7 q\u00eb i ka b\u00ebr\u00eb armiq ShBA-t\u00eb, ka arritur ta shp\u00ebrndaj\u00eb te p\u00ebrkrah\u00ebsit e vet gjuh\u00ebn t\u00eb cilat sipas tij e p\u00ebrdorin edhe serb\u00ebt kundre kund\u00ebr SHBA-s\u00eb e NATO-s. Sipas deputetit t\u00eb PDK-s\u00eb, do t\u00eb turp\u00ebrohen t\u00eb gjith\u00eb ata q\u00eb kan\u00eb [&hellip;]<\/p>\n","protected":false},"author":1,"featured_media":7867,"comment_status":"open","ping_status":"open","sticky":false,"template":"","format":"standard","meta":{"footnotes":""},"categories":[19],"tags":[],"class_list":["post-7866","post","type-post","status-publish","format-standard","has-post-thumbnail","hentry","category-eko"],"_links":{"self":[{"href":"https:\/\/radiogjilani.com\/index.php\/wp-json\/wp\/v2\/posts\/7866","targetHints":{"allow":["GET"]}}],"collection":[{"href":"https:\/\/radiogjilani.com\/index.php\/wp-json\/wp\/v2\/posts"}],"about":[{"href":"https:\/\/radiogjilani.com\/index.php\/wp-json\/wp\/v2\/types\/post"}],"author":[{"embeddable":true,"href":"https:\/\/radiogjilani.com\/index.php\/wp-json\/wp\/v2\/users\/1"}],"replies":[{"embeddable":true,"href":"https:\/\/radiogjilani.com\/index.php\/wp-json\/wp\/v2\/comments?post=7866"}],"version-history":[{"count":0,"href":"https:\/\/radiogjilani.com\/index.php\/wp-json\/wp\/v2\/posts\/7866\/revisions"}],"wp:featuredmedia":[{"embeddable":true,"href":"https:\/\/radiogjilani.com\/index.php\/wp-json\/wp\/v2\/media\/7867"}],"wp:attachment":[{"href":"https:\/\/radiogjilani.com\/index.php\/wp-json\/wp\/v2\/media?parent=7866"}],"wp:term":[{"taxonomy":"category","embeddable":true,"href":"https:\/\/radiogjilani.com\/index.php\/wp-json\/wp\/v2\/categories?post=7866"},{"taxonomy":"post_tag","embeddable":true,"href":"https:\/\/radiogjilani.com\/index.php\/wp-json\/wp\/v2\/tags?post=7866"}],"curies":[{"name":"wp","href":"https:\/\/api.w.org\/{rel}","templated":true}]}}