{"id":7896,"date":"2024-08-15T14:18:03","date_gmt":"2024-08-15T14:18:03","guid":{"rendered":"https:\/\/radiogjilani.com\/index.php\/2024\/08\/15\/ky-eshte-i-dashuri-28-vjecar-i-madonnes\/"},"modified":"2024-08-15T14:18:03","modified_gmt":"2024-08-15T14:18:03","slug":"ky-eshte-i-dashuri-28-vjecar-i-madonnes","status":"publish","type":"post","link":"https:\/\/radiogjilani.com\/index.php\/2024\/08\/15\/ky-eshte-i-dashuri-28-vjecar-i-madonnes\/","title":{"rendered":"Ky \u00ebsht\u00eb i dashuri 28 vje\u00e7ar i Madonn\u00ebs"},"content":{"rendered":"<p>Madonna \u00ebsht\u00eb par\u00eb s\u00eb fundmi me t\u00eb dashurin e saj. K\u00ebng\u00ebtarja 65-vje\u00e7are ishte e kapur dor\u00eb p\u00ebr dore me futbollistin 28-vje\u00e7ar, Akeem Morris, t\u00eb mart\u00ebn n\u00eb Portofino t\u00eb Italis\u00eb. Madonna dhe Akeem e kan\u00eb njohur nj\u00ebri-tjetrin p\u00ebr vite me radh\u00eb, por thashethemet p\u00ebr lidhje nuk u qarkulluan deri n\u00eb korrik t\u00eb k\u00ebtij viti. Madonna do t\u00eb festoj\u00eb dit\u00eblindjen e saj t\u00eb 66-t\u00eb k\u00ebt\u00eb jav\u00eb n\u00eb Portofino.<\/p>\n<p><a href=\"https:\/\/ekonomiaonline.com\/ky-eshte-i-dashuri-28-vjecar-i-madonnes\/\" rel=\"nofollow\">Source<\/a><\/p>\n","protected":false},"excerpt":{"rendered":"<p>Madonna \u00ebsht\u00eb par\u00eb s\u00eb fundmi me t\u00eb dashurin e saj. K\u00ebng\u00ebtarja 65-vje\u00e7are ishte e kapur dor\u00eb p\u00ebr dore me futbollistin 28-vje\u00e7ar, Akeem Morris, t\u00eb mart\u00ebn n\u00eb Portofino t\u00eb Italis\u00eb. Madonna dhe Akeem e kan\u00eb njohur nj\u00ebri-tjetrin p\u00ebr vite me radh\u00eb, por thashethemet p\u00ebr lidhje nuk u qarkulluan deri n\u00eb korrik t\u00eb k\u00ebtij viti. Madonna do [&hellip;]<\/p>\n","protected":false},"author":1,"featured_media":7897,"comment_status":"open","ping_status":"open","sticky":false,"template":"","format":"standard","meta":{"footnotes":""},"categories":[19],"tags":[],"class_list":["post-7896","post","type-post","status-publish","format-standard","has-post-thumbnail","hentry","category-eko"],"_links":{"self":[{"href":"https:\/\/radiogjilani.com\/index.php\/wp-json\/wp\/v2\/posts\/7896","targetHints":{"allow":["GET"]}}],"collection":[{"href":"https:\/\/radiogjilani.com\/index.php\/wp-json\/wp\/v2\/posts"}],"about":[{"href":"https:\/\/radiogjilani.com\/index.php\/wp-json\/wp\/v2\/types\/post"}],"author":[{"embeddable":true,"href":"https:\/\/radiogjilani.com\/index.php\/wp-json\/wp\/v2\/users\/1"}],"replies":[{"embeddable":true,"href":"https:\/\/radiogjilani.com\/index.php\/wp-json\/wp\/v2\/comments?post=7896"}],"version-history":[{"count":0,"href":"https:\/\/radiogjilani.com\/index.php\/wp-json\/wp\/v2\/posts\/7896\/revisions"}],"wp:featuredmedia":[{"embeddable":true,"href":"https:\/\/radiogjilani.com\/index.php\/wp-json\/wp\/v2\/media\/7897"}],"wp:attachment":[{"href":"https:\/\/radiogjilani.com\/index.php\/wp-json\/wp\/v2\/media?parent=7896"}],"wp:term":[{"taxonomy":"category","embeddable":true,"href":"https:\/\/radiogjilani.com\/index.php\/wp-json\/wp\/v2\/categories?post=7896"},{"taxonomy":"post_tag","embeddable":true,"href":"https:\/\/radiogjilani.com\/index.php\/wp-json\/wp\/v2\/tags?post=7896"}],"curies":[{"name":"wp","href":"https:\/\/api.w.org\/{rel}","templated":true}]}}