{"id":7920,"date":"2024-08-15T14:18:51","date_gmt":"2024-08-15T14:18:51","guid":{"rendered":"https:\/\/radiogjilani.com\/index.php\/2024\/08\/15\/kush-eshte-ben-gvir-ministri-i-armatosur-sulme-veprimet-te-pamatura-dhe-provokime\/"},"modified":"2024-08-15T14:18:51","modified_gmt":"2024-08-15T14:18:51","slug":"kush-eshte-ben-gvir-ministri-i-armatosur-sulme-veprimet-te-pamatura-dhe-provokime","status":"publish","type":"post","link":"https:\/\/radiogjilani.com\/index.php\/2024\/08\/15\/kush-eshte-ben-gvir-ministri-i-armatosur-sulme-veprimet-te-pamatura-dhe-provokime\/","title":{"rendered":"Kush \u00ebsht\u00eb Ben-Gvir, ministri i armatosur: Sulme, veprimet t\u00eb pamatura dhe provokime"},"content":{"rendered":"<p>Qarkullon me arm\u00eb dhe i p\u00eblqen ta nxjerr\u00eb, e ka mbajtur para se t\u00eb b\u00ebhej minist\u00ebr i Siguris\u00eb Komb\u00ebtare, kur kishte m\u00eb shum\u00eb shqet\u00ebsime.<\/p>\n<p>Itamar Ben-Gvir mbeti nj\u00eb agjitator pavar\u00ebsisht rolit t\u00eb tij n\u00eb qeveri.<\/p>\n<p>Gruaja e tij Ayala q\u00ebndron gjithashtu e armatosur, me pes\u00eb f\u00ebmij\u00ebt e tyre jetojn\u00eb n\u00eb kolonin\u00eb Kiryat Arba af\u00ebr Hebronit.<\/p>\n<p>Revolen n\u00eb bel me fustanin e gjat\u00eb tradicional, gjithmon\u00eb, sepse \u201cburri im \u00ebsht\u00eb njeriu m\u00eb i k\u00ebrc\u00ebnuar n\u00eb vend\u201d.<\/p>\n<p>\t\t<i><\/i><ins data-dcm-landing-page-escapes=\"0\" data-dcm-click-tracker=\"https:\/\/track.adform.net\/C\/?bn=73199340;adfibeg=0;cdata=wY0ZHC8ypbQniOq3Sj8hschgQeJ3VY4zU1bO9ulaUP_iCMviXuI_n4RPYRHBxkqVPVtGasWBO2DsQ97SqeB3vafpodL8HlhSS5QNXFy9YSXxjmdMEY9WqD7eKsUQLet9dO-UMsCLM2opnkTpCdy6-w2;;CREFURL=https%3a%2f%2feuro-pixel.com%2ftest.php;C=1;cpdir=\" class=\"dcmads\" data-dcm-placement=\"N571601.4773204ALBANIANPOST.COM\/B32392692.399829096\" data-dcm-rendering-mode=\"iframe\" data-dcm-https-only=\"\" data-dcm-api-frameworks=\"[APIFRAMEWORKS]\" data-dcm-omid-partner=\"[OMIDPARTNER]\" data-dcm-gdpr-applies=\"gdpr=\" data-dcm-gdpr-consent=\"gdpr_consent=\" data-dcm-addtl-consent=\"addtl_consent=${ADDTL_CONSENT}\" data-dcm-ltd=\"false\" data-dcm-resettable-device-id=\"\" data-dcm-app-id=\"\" data-dcm-processed=\"y\"><\/p>\n<p>\t\t<\/ins><\/p>\n<p>\u00cbsht\u00eb sigurisht ai q\u00eb k\u00ebrc\u00ebnon m\u00eb shum\u00eb: kryeministrin Benjamin Netanyahu me largim nga koalicioni, palestinez\u00ebt me d\u00ebbim ose m\u00eb keq, ekuilibrin tashm\u00eb t\u00eb paq\u00ebndruesh\u00ebm t\u00eb Lindjes s\u00eb Mesme me vizit\u00ebn e s\u00eb mart\u00ebs n\u00eb Malin e Tempullit.<\/p>\n<p>Ai \u00e7irrej p\u00ebr k\u00ebrc\u00ebnime q\u00eb n\u00eb mosh\u00ebn 19-vje\u00e7are, kur izraelit\u00ebt u detyruan p\u00ebr her\u00eb t\u00eb par\u00eb ta vinin re.<\/p>\n<p>Si ndjek\u00ebs i rabinit racist Meir Kahane, ai u shfaq n\u00eb televizion duke tundur logon metalike t\u00eb Cadillacut t\u00eb qeveris\u00eb: \u201cIa kap\u00ebm makin\u00ebn dhe s\u00eb shpejti do t\u00eb kapim at\u00eb\u201d.<\/p>\n<p>Ishte vjeshta e vitit 1995.<\/p>\n<p>Disa jav\u00eb m\u00eb von\u00eb Yigal Amir, nj\u00eb tjet\u00ebr ultranacionalist, goditi Yitzhak Rabin me dy plumba para se t\u00eb mund t\u00eb hipte n\u00eb at\u00eb makin\u00eb, nj\u00eb sulm q\u00eb vrau gjithashtu procesin e paqes t\u00eb k\u00ebrkuar nga kryeministri laburist.<\/p>\n<p>M\u00eb pas i riu Ben-Gvir mallkoi marr\u00ebveshjen me palestinez\u00ebt dhe tani q\u00eb marr\u00ebveshja \u00ebsht\u00eb e par\u00ebnd\u00ebsishme, ai mbron aneksimin e Bregut Per\u00ebndimor, b\u00ebn thirrje p\u00ebr kthim n\u00eb Gaza: Ai d\u00ebshiron t\u00eb ripushtoj\u00eb Rripin dhe t\u00eb rind\u00ebrtoj\u00eb kolonit\u00eb e evakuuara nga Ariel Sharon n\u00eb vitin 2005.<\/p>\n<p>I rritur n\u00eb nj\u00eb familje laike me origjin\u00eb irakiane, ai thot\u00eb se filloi t\u00eb d\u00ebgjonte predikimet ekstremiste t\u00eb Kahane (me origjin\u00eb amerikane dhe u vra nga nj\u00eb fundamentalist islamik n\u00eb vitin 1990 n\u00eb Ne\u00eb York) pas nj\u00eb vale sulmesh palestineze.<\/p>\n<p>Dhe vet\u00ebm n\u00eb vitin 2021 ai n\u00eb parlamentin izraelit nga i cili Kahane ishte ndaluar p\u00ebr nxitje t\u00eb racizmit.<\/p>\n<p>Dishepulli ka humbur nj\u00eb pjes\u00eb t\u00eb sjelljes s\u00eb tij p\u00ebr arsye t\u00eb fushat\u00ebs elektorale \u2013 p\u00ebr t\u00eb fituar votat kund\u00ebr sistemit t\u00eb t\u00eb rinjve q\u00eb nuk jetojn\u00eb n\u00eb koloni \u2013 nj\u00eb moderim q\u00eb ai duket se e ka l\u00ebn\u00eb m\u00ebnjan\u00eb kur hyri n\u00eb qeveri dy vjet m\u00eb par\u00eb, fal\u00eb Benjamin Netanyahut.<\/p>\n<p>Opozita e akuzon se po p\u00ebrdor policin\u00eb si milici private, sidomos pas em\u00ebrimit t\u00eb komandantit t\u00eb ri.<\/p>\n<p>Ai nd\u00ebrhyri n\u00eb m\u00ebnyr\u00eb q\u00eb agjent\u00ebt t\u00eb mos ndalonin sulmin n\u00eb baz\u00ebn ushtarake ku ishin arrestuar disa ushtar\u00eb t\u00eb akuzuar p\u00ebr abuzim seksual t\u00eb t\u00eb burgosurve palestinez\u00eb.<\/p>\n<p>Ai q\u00eb duhet t\u00eb zbatoj\u00eb rregullat, ai \u00ebsht\u00eb i pari q\u00eb nuk i respekton ato.<\/p>\n<p>Rojet e sh\u00ebrbimit sekret t\u00eb ngarkuar me mbrojtjen e tij u ankuan te epror\u00ebt e tyre se ministri \u2013 i cili mbik\u00ebqyr edhe policin\u00eb rrugore \u2013 i detyron t\u00eb tejkalojn\u00eb shpejt\u00ebsin\u00eb.<\/p>\n<p>Deri n\u00eb aksidentin e ndodhur n\u00eb fund t\u00eb muajit prill, ku goditi nj\u00eb makin\u00eb n\u00eb kryq\u00ebzim, duke plagosur nj\u00eb shofer, shtetas i cili ka respektuar rregullat.<\/p>\n<p><em>Marr\u00eb nga \u201cCorriere Della Sera\u201d, p\u00ebrshtatur p\u00ebr Albanian Post\u00a0<\/em><\/p>\n<p>The post <a rel=\"nofollow\" href=\"https:\/\/albanianpost.com\/kush-eshte-ben-gvir-ministri-i-armatosur-sulme-veprimet-te-pamatura-dhe-provokime\/\">Kush \u00ebsht\u00eb Ben-Gvir, ministri i armatosur: Sulme, veprimet t\u00eb pamatura dhe provokime<\/a> appeared first on <a rel=\"nofollow\" href=\"https:\/\/albanianpost.com\/\">Albanian Post<\/a>.<\/p>\n","protected":false},"excerpt":{"rendered":"<p>Qarkullon me arm\u00eb dhe i p\u00eblqen ta nxjerr\u00eb, e ka mbajtur para se t\u00eb b\u00ebhej minist\u00ebr i Siguris\u00eb Komb\u00ebtare, kur kishte m\u00eb shum\u00eb shqet\u00ebsime. Itamar Ben-Gvir mbeti nj\u00eb agjitator pavar\u00ebsisht rolit t\u00eb tij n\u00eb qeveri. Gruaja e tij Ayala q\u00ebndron gjithashtu e armatosur, me pes\u00eb f\u00ebmij\u00ebt e tyre jetojn\u00eb n\u00eb kolonin\u00eb Kiryat Arba af\u00ebr Hebronit. [&hellip;]<\/p>\n","protected":false},"author":1,"featured_media":7921,"comment_status":"open","ping_status":"open","sticky":false,"template":"","format":"standard","meta":{"footnotes":""},"categories":[1],"tags":[],"class_list":["post-7920","post","type-post","status-publish","format-standard","has-post-thumbnail","hentry","category-uncategorized"],"_links":{"self":[{"href":"https:\/\/radiogjilani.com\/index.php\/wp-json\/wp\/v2\/posts\/7920","targetHints":{"allow":["GET"]}}],"collection":[{"href":"https:\/\/radiogjilani.com\/index.php\/wp-json\/wp\/v2\/posts"}],"about":[{"href":"https:\/\/radiogjilani.com\/index.php\/wp-json\/wp\/v2\/types\/post"}],"author":[{"embeddable":true,"href":"https:\/\/radiogjilani.com\/index.php\/wp-json\/wp\/v2\/users\/1"}],"replies":[{"embeddable":true,"href":"https:\/\/radiogjilani.com\/index.php\/wp-json\/wp\/v2\/comments?post=7920"}],"version-history":[{"count":0,"href":"https:\/\/radiogjilani.com\/index.php\/wp-json\/wp\/v2\/posts\/7920\/revisions"}],"wp:featuredmedia":[{"embeddable":true,"href":"https:\/\/radiogjilani.com\/index.php\/wp-json\/wp\/v2\/media\/7921"}],"wp:attachment":[{"href":"https:\/\/radiogjilani.com\/index.php\/wp-json\/wp\/v2\/media?parent=7920"}],"wp:term":[{"taxonomy":"category","embeddable":true,"href":"https:\/\/radiogjilani.com\/index.php\/wp-json\/wp\/v2\/categories?post=7920"},{"taxonomy":"post_tag","embeddable":true,"href":"https:\/\/radiogjilani.com\/index.php\/wp-json\/wp\/v2\/tags?post=7920"}],"curies":[{"name":"wp","href":"https:\/\/api.w.org\/{rel}","templated":true}]}}