{"id":7940,"date":"2024-08-16T14:17:45","date_gmt":"2024-08-16T14:17:45","guid":{"rendered":"https:\/\/radiogjilani.com\/index.php\/2024\/08\/16\/kerkohet-paraburgim-per-dy-te-dyshuar-ne-shtime-rrahen-dhe-sulmuan-me-thike-nje-person\/"},"modified":"2024-08-16T14:17:45","modified_gmt":"2024-08-16T14:17:45","slug":"kerkohet-paraburgim-per-dy-te-dyshuar-ne-shtime-rrahen-dhe-sulmuan-me-thike-nje-person","status":"publish","type":"post","link":"https:\/\/radiogjilani.com\/index.php\/2024\/08\/16\/kerkohet-paraburgim-per-dy-te-dyshuar-ne-shtime-rrahen-dhe-sulmuan-me-thike-nje-person\/","title":{"rendered":"K\u00ebrkohet paraburgim p\u00ebr dy t\u00eb dyshuar n\u00eb Shtime, rrah\u00ebn dhe sulmuan me thik\u00eb nj\u00eb person"},"content":{"rendered":"<p>Prokuroria Themelore n\u00eb Ferizaj ka k\u00ebrkuar caktimin e mas\u00ebs s\u00eb paraburgimin ndaj dy personave t\u00eb dyshuar p\u00ebr \u201cL\u00ebndim t\u00eb r\u00ebnd\u00eb trupor\u201d. \u201cProkuroria Themelore n\u00eb Ferizaj, njofton opinionin publik se ka k\u00ebrkuar nga Gjykata Themelore n\u00eb Ferizaj, caktimin e mas\u00ebs s\u00eb paraburgimit n\u00eb afat prej 30 dit\u00ebsh ndaj t\u00eb dyshuarve B.Xh dhe V.Xh, nga komuna e Shtimes, p\u00ebr shkak t\u00eb dyshimit t\u00eb vepr\u00ebs penale \u201cL\u00ebndimi&#8230;<\/p>\n<p><a href=\"https:\/\/ekonomiaonline.com\/kerkohet-paraburgim-per-dy-te-dyshuar-ne-shtime-rrahen-dhe-sulmuan-me-thike-nje-person\/\" rel=\"nofollow\">Source<\/a><\/p>\n","protected":false},"excerpt":{"rendered":"<p>Prokuroria Themelore n\u00eb Ferizaj ka k\u00ebrkuar caktimin e mas\u00ebs s\u00eb paraburgimin ndaj dy personave t\u00eb dyshuar p\u00ebr \u201cL\u00ebndim t\u00eb r\u00ebnd\u00eb trupor\u201d. \u201cProkuroria Themelore n\u00eb Ferizaj, njofton opinionin publik se ka k\u00ebrkuar nga Gjykata Themelore n\u00eb Ferizaj, caktimin e mas\u00ebs s\u00eb paraburgimit n\u00eb afat prej 30 dit\u00ebsh ndaj t\u00eb dyshuarve B.Xh dhe V.Xh, nga komuna e [&hellip;]<\/p>\n","protected":false},"author":1,"featured_media":7941,"comment_status":"open","ping_status":"open","sticky":false,"template":"","format":"standard","meta":{"footnotes":""},"categories":[19],"tags":[],"class_list":["post-7940","post","type-post","status-publish","format-standard","has-post-thumbnail","hentry","category-eko"],"_links":{"self":[{"href":"https:\/\/radiogjilani.com\/index.php\/wp-json\/wp\/v2\/posts\/7940","targetHints":{"allow":["GET"]}}],"collection":[{"href":"https:\/\/radiogjilani.com\/index.php\/wp-json\/wp\/v2\/posts"}],"about":[{"href":"https:\/\/radiogjilani.com\/index.php\/wp-json\/wp\/v2\/types\/post"}],"author":[{"embeddable":true,"href":"https:\/\/radiogjilani.com\/index.php\/wp-json\/wp\/v2\/users\/1"}],"replies":[{"embeddable":true,"href":"https:\/\/radiogjilani.com\/index.php\/wp-json\/wp\/v2\/comments?post=7940"}],"version-history":[{"count":0,"href":"https:\/\/radiogjilani.com\/index.php\/wp-json\/wp\/v2\/posts\/7940\/revisions"}],"wp:featuredmedia":[{"embeddable":true,"href":"https:\/\/radiogjilani.com\/index.php\/wp-json\/wp\/v2\/media\/7941"}],"wp:attachment":[{"href":"https:\/\/radiogjilani.com\/index.php\/wp-json\/wp\/v2\/media?parent=7940"}],"wp:term":[{"taxonomy":"category","embeddable":true,"href":"https:\/\/radiogjilani.com\/index.php\/wp-json\/wp\/v2\/categories?post=7940"},{"taxonomy":"post_tag","embeddable":true,"href":"https:\/\/radiogjilani.com\/index.php\/wp-json\/wp\/v2\/tags?post=7940"}],"curies":[{"name":"wp","href":"https:\/\/api.w.org\/{rel}","templated":true}]}}