{"id":7952,"date":"2024-08-16T14:17:39","date_gmt":"2024-08-16T14:17:39","guid":{"rendered":"https:\/\/radiogjilani.com\/index.php\/2024\/08\/16\/rita-ora-dedikim-te-vecante-bashkeshortit-taika-waititi-ne-ditelindjen-e-tij-te-49-te\/"},"modified":"2024-08-16T14:17:39","modified_gmt":"2024-08-16T14:17:39","slug":"rita-ora-dedikim-te-vecante-bashkeshortit-taika-waititi-ne-ditelindjen-e-tij-te-49-te","status":"publish","type":"post","link":"https:\/\/radiogjilani.com\/index.php\/2024\/08\/16\/rita-ora-dedikim-te-vecante-bashkeshortit-taika-waititi-ne-ditelindjen-e-tij-te-49-te\/","title":{"rendered":"Rita Ora dedikim t\u00eb ve\u00e7ant\u00eb bashk\u00ebshortit Taika Waititi, n\u00eb dit\u00eblindjen e tij t\u00eb 49-t\u00eb"},"content":{"rendered":"<p>K\u00ebng\u00ebtarja shqiptare me fam\u00eb bot\u00ebrore, Rita Ora, i ka b\u00ebr\u00eb nj\u00eb dedikim t\u00eb ve\u00e7ant\u00eb bashk\u00ebshortit t\u00eb saj, regjisorit t\u00eb njohur Taika Waititi, me rastin e dit\u00eblindjes s\u00eb tij t\u00eb 49-t\u00eb. N\u00eb nj\u00eb postim t\u00eb ngroht\u00eb n\u00eb Instagram, Rita ka ndar\u00eb disa fotografi atraktive t\u00eb \u00e7iftit, t\u00eb realizuara gjat\u00eb fest\u00ebs s\u00eb dit\u00eblindjes s\u00eb Taik\u00ebs, ku t\u00eb pranish\u00ebm kan\u00eb qen\u00eb vet\u00ebm rrethi i ngusht\u00eb shoq\u00ebror.<\/p>\n<p><a href=\"https:\/\/ekonomiaonline.com\/rita-ora-dedikim-te-vecante-bashkeshortit-taika-waititi-ne-ditelindjen-e-tij-te-49-te\/\" rel=\"nofollow\">Source<\/a><\/p>\n","protected":false},"excerpt":{"rendered":"<p>K\u00ebng\u00ebtarja shqiptare me fam\u00eb bot\u00ebrore, Rita Ora, i ka b\u00ebr\u00eb nj\u00eb dedikim t\u00eb ve\u00e7ant\u00eb bashk\u00ebshortit t\u00eb saj, regjisorit t\u00eb njohur Taika Waititi, me rastin e dit\u00eblindjes s\u00eb tij t\u00eb 49-t\u00eb. N\u00eb nj\u00eb postim t\u00eb ngroht\u00eb n\u00eb Instagram, Rita ka ndar\u00eb disa fotografi atraktive t\u00eb \u00e7iftit, t\u00eb realizuara gjat\u00eb fest\u00ebs s\u00eb dit\u00eblindjes s\u00eb Taik\u00ebs, ku t\u00eb [&hellip;]<\/p>\n","protected":false},"author":1,"featured_media":7953,"comment_status":"open","ping_status":"open","sticky":false,"template":"","format":"standard","meta":{"footnotes":""},"categories":[19],"tags":[],"class_list":["post-7952","post","type-post","status-publish","format-standard","has-post-thumbnail","hentry","category-eko"],"_links":{"self":[{"href":"https:\/\/radiogjilani.com\/index.php\/wp-json\/wp\/v2\/posts\/7952","targetHints":{"allow":["GET"]}}],"collection":[{"href":"https:\/\/radiogjilani.com\/index.php\/wp-json\/wp\/v2\/posts"}],"about":[{"href":"https:\/\/radiogjilani.com\/index.php\/wp-json\/wp\/v2\/types\/post"}],"author":[{"embeddable":true,"href":"https:\/\/radiogjilani.com\/index.php\/wp-json\/wp\/v2\/users\/1"}],"replies":[{"embeddable":true,"href":"https:\/\/radiogjilani.com\/index.php\/wp-json\/wp\/v2\/comments?post=7952"}],"version-history":[{"count":0,"href":"https:\/\/radiogjilani.com\/index.php\/wp-json\/wp\/v2\/posts\/7952\/revisions"}],"wp:featuredmedia":[{"embeddable":true,"href":"https:\/\/radiogjilani.com\/index.php\/wp-json\/wp\/v2\/media\/7953"}],"wp:attachment":[{"href":"https:\/\/radiogjilani.com\/index.php\/wp-json\/wp\/v2\/media?parent=7952"}],"wp:term":[{"taxonomy":"category","embeddable":true,"href":"https:\/\/radiogjilani.com\/index.php\/wp-json\/wp\/v2\/categories?post=7952"},{"taxonomy":"post_tag","embeddable":true,"href":"https:\/\/radiogjilani.com\/index.php\/wp-json\/wp\/v2\/tags?post=7952"}],"curies":[{"name":"wp","href":"https:\/\/api.w.org\/{rel}","templated":true}]}}