{"id":8002,"date":"2024-08-17T14:26:57","date_gmt":"2024-08-17T14:26:57","guid":{"rendered":"https:\/\/radiogjilani.com\/index.php\/2024\/08\/17\/zjarret-malore-ne-podujeve-po-shkojne-ne-drejtim-te-potokut\/"},"modified":"2024-08-17T14:26:57","modified_gmt":"2024-08-17T14:26:57","slug":"zjarret-malore-ne-podujeve-po-shkojne-ne-drejtim-te-potokut","status":"publish","type":"post","link":"https:\/\/radiogjilani.com\/index.php\/2024\/08\/17\/zjarret-malore-ne-podujeve-po-shkojne-ne-drejtim-te-potokut\/","title":{"rendered":"Zjarret malore n\u00eb Podujev\u00eb po shkojn\u00eb n\u00eb drejtim t\u00eb Potokut"},"content":{"rendered":"<p>Nj\u00eb zjarr i madh \u00ebsht\u00eb p\u00ebrhapur n\u00eb fshatin P\u00ebrpallac t\u00eb Podujev\u00ebs i cili po shkon n\u00eb drejtim t\u00eb Potokut. Lajmi \u00ebsht\u00eb b\u00ebr\u00eb i ditur nga Organizata Vullnetare Zjarrfik\u00ebsit dhe Shp\u00ebtimit. Ata kan\u00eb th\u00ebn\u00eb se zjarri \u00ebsht\u00eb p\u00ebrhapur nga kufiri me Serbin\u00eb, fshati Metohi. Zjarrfik\u00ebsit jan\u00eb n\u00eb vendin e ngjarjes.<\/p>\n<p><a href=\"https:\/\/ekonomiaonline.com\/zjarret-malore-ne-podujeve-po-shkojne-ne-drejtim-te-potokut\/\" rel=\"nofollow\">Source<\/a><\/p>\n","protected":false},"excerpt":{"rendered":"<p>Nj\u00eb zjarr i madh \u00ebsht\u00eb p\u00ebrhapur n\u00eb fshatin P\u00ebrpallac t\u00eb Podujev\u00ebs i cili po shkon n\u00eb drejtim t\u00eb Potokut. Lajmi \u00ebsht\u00eb b\u00ebr\u00eb i ditur nga Organizata Vullnetare Zjarrfik\u00ebsit dhe Shp\u00ebtimit. Ata kan\u00eb th\u00ebn\u00eb se zjarri \u00ebsht\u00eb p\u00ebrhapur nga kufiri me Serbin\u00eb, fshati Metohi. Zjarrfik\u00ebsit jan\u00eb n\u00eb vendin e ngjarjes. Source<\/p>\n","protected":false},"author":1,"featured_media":8003,"comment_status":"open","ping_status":"open","sticky":false,"template":"","format":"standard","meta":{"footnotes":""},"categories":[19],"tags":[],"class_list":["post-8002","post","type-post","status-publish","format-standard","has-post-thumbnail","hentry","category-eko"],"_links":{"self":[{"href":"https:\/\/radiogjilani.com\/index.php\/wp-json\/wp\/v2\/posts\/8002","targetHints":{"allow":["GET"]}}],"collection":[{"href":"https:\/\/radiogjilani.com\/index.php\/wp-json\/wp\/v2\/posts"}],"about":[{"href":"https:\/\/radiogjilani.com\/index.php\/wp-json\/wp\/v2\/types\/post"}],"author":[{"embeddable":true,"href":"https:\/\/radiogjilani.com\/index.php\/wp-json\/wp\/v2\/users\/1"}],"replies":[{"embeddable":true,"href":"https:\/\/radiogjilani.com\/index.php\/wp-json\/wp\/v2\/comments?post=8002"}],"version-history":[{"count":0,"href":"https:\/\/radiogjilani.com\/index.php\/wp-json\/wp\/v2\/posts\/8002\/revisions"}],"wp:featuredmedia":[{"embeddable":true,"href":"https:\/\/radiogjilani.com\/index.php\/wp-json\/wp\/v2\/media\/8003"}],"wp:attachment":[{"href":"https:\/\/radiogjilani.com\/index.php\/wp-json\/wp\/v2\/media?parent=8002"}],"wp:term":[{"taxonomy":"category","embeddable":true,"href":"https:\/\/radiogjilani.com\/index.php\/wp-json\/wp\/v2\/categories?post=8002"},{"taxonomy":"post_tag","embeddable":true,"href":"https:\/\/radiogjilani.com\/index.php\/wp-json\/wp\/v2\/tags?post=8002"}],"curies":[{"name":"wp","href":"https:\/\/api.w.org\/{rel}","templated":true}]}}