{"id":8004,"date":"2024-08-17T14:26:56","date_gmt":"2024-08-17T14:26:56","guid":{"rendered":"https:\/\/radiogjilani.com\/index.php\/2024\/08\/17\/vuciqi-per-uren-e-ibrit-pres-provokime-dhe-probleme-tash-cdo-gje-eshte-fushate-per-ta\/"},"modified":"2024-08-17T14:26:56","modified_gmt":"2024-08-17T14:26:56","slug":"vuciqi-per-uren-e-ibrit-pres-provokime-dhe-probleme-tash-cdo-gje-eshte-fushate-per-ta","status":"publish","type":"post","link":"https:\/\/radiogjilani.com\/index.php\/2024\/08\/17\/vuciqi-per-uren-e-ibrit-pres-provokime-dhe-probleme-tash-cdo-gje-eshte-fushate-per-ta\/","title":{"rendered":"Vu\u00e7iqi p\u00ebr ur\u00ebn e Ibrit: Pres provokime dhe probleme \u2013 tash \u00e7do gj\u00eb \u00ebsht\u00eb fushat\u00eb p\u00ebr ta"},"content":{"rendered":"<p>N\u00eb drit\u00eb t\u00eb paralajm\u00ebrimit t\u00eb Qeveris\u00eb s\u00eb Kosov\u00ebs p\u00ebr hapjen e ur\u00ebs mbi Lumin Ib\u00ebr, presidenti i Serbis\u00eb, Alleksandar Vu\u00e7iq tha se jan\u00eb n\u00eb kontakt t\u00eb vazhduesh\u00ebm me p\u00ebrfaq\u00ebsuesit e bashk\u00ebsis\u00eb nd\u00ebrkomb\u00ebtare dhe KFOR-it, \u201cme t\u00eb cil\u00ebt kemi nj\u00eb bashk\u00ebpunim shum\u00eb t\u00eb drejt\u00eb\u201d dhe se pret q\u00eb ata mbajn\u00eb fjal\u00ebn \u2013 \u201cse pa vullnet t\u00eb p\u00ebrbashk\u00ebt ura nuk do t\u00eb hapet\u201d. Vu\u00e7iqi tha se zgjedhjet n\u00eb Kosov\u00eb jan\u00eb&#8230;<\/p>\n<p><a href=\"https:\/\/ekonomiaonline.com\/vuciqi-per-uren-e-ibrit-pres-provokime-dhe-probleme-tash-cdo-gje-eshte-fushate-per-ta\/\" rel=\"nofollow\">Source<\/a><\/p>\n","protected":false},"excerpt":{"rendered":"<p>N\u00eb drit\u00eb t\u00eb paralajm\u00ebrimit t\u00eb Qeveris\u00eb s\u00eb Kosov\u00ebs p\u00ebr hapjen e ur\u00ebs mbi Lumin Ib\u00ebr, presidenti i Serbis\u00eb, Alleksandar Vu\u00e7iq tha se jan\u00eb n\u00eb kontakt t\u00eb vazhduesh\u00ebm me p\u00ebrfaq\u00ebsuesit e bashk\u00ebsis\u00eb nd\u00ebrkomb\u00ebtare dhe KFOR-it, \u201cme t\u00eb cil\u00ebt kemi nj\u00eb bashk\u00ebpunim shum\u00eb t\u00eb drejt\u00eb\u201d dhe se pret q\u00eb ata mbajn\u00eb fjal\u00ebn \u2013 \u201cse pa vullnet t\u00eb [&hellip;]<\/p>\n","protected":false},"author":1,"featured_media":8005,"comment_status":"open","ping_status":"open","sticky":false,"template":"","format":"standard","meta":{"footnotes":""},"categories":[19],"tags":[],"class_list":["post-8004","post","type-post","status-publish","format-standard","has-post-thumbnail","hentry","category-eko"],"_links":{"self":[{"href":"https:\/\/radiogjilani.com\/index.php\/wp-json\/wp\/v2\/posts\/8004","targetHints":{"allow":["GET"]}}],"collection":[{"href":"https:\/\/radiogjilani.com\/index.php\/wp-json\/wp\/v2\/posts"}],"about":[{"href":"https:\/\/radiogjilani.com\/index.php\/wp-json\/wp\/v2\/types\/post"}],"author":[{"embeddable":true,"href":"https:\/\/radiogjilani.com\/index.php\/wp-json\/wp\/v2\/users\/1"}],"replies":[{"embeddable":true,"href":"https:\/\/radiogjilani.com\/index.php\/wp-json\/wp\/v2\/comments?post=8004"}],"version-history":[{"count":0,"href":"https:\/\/radiogjilani.com\/index.php\/wp-json\/wp\/v2\/posts\/8004\/revisions"}],"wp:featuredmedia":[{"embeddable":true,"href":"https:\/\/radiogjilani.com\/index.php\/wp-json\/wp\/v2\/media\/8005"}],"wp:attachment":[{"href":"https:\/\/radiogjilani.com\/index.php\/wp-json\/wp\/v2\/media?parent=8004"}],"wp:term":[{"taxonomy":"category","embeddable":true,"href":"https:\/\/radiogjilani.com\/index.php\/wp-json\/wp\/v2\/categories?post=8004"},{"taxonomy":"post_tag","embeddable":true,"href":"https:\/\/radiogjilani.com\/index.php\/wp-json\/wp\/v2\/tags?post=8004"}],"curies":[{"name":"wp","href":"https:\/\/api.w.org\/{rel}","templated":true}]}}