{"id":8028,"date":"2024-08-17T14:27:36","date_gmt":"2024-08-17T14:27:36","guid":{"rendered":"https:\/\/radiogjilani.com\/index.php\/2024\/08\/17\/presidenca-mohon-se-vjosa-osmani-e-prindon-sadriu-kishin-njohuri-per-rastin-e-vrasjes-ne-ferizaj\/"},"modified":"2024-08-17T14:27:36","modified_gmt":"2024-08-17T14:27:36","slug":"presidenca-mohon-se-vjosa-osmani-e-prindon-sadriu-kishin-njohuri-per-rastin-e-vrasjes-ne-ferizaj","status":"publish","type":"post","link":"https:\/\/radiogjilani.com\/index.php\/2024\/08\/17\/presidenca-mohon-se-vjosa-osmani-e-prindon-sadriu-kishin-njohuri-per-rastin-e-vrasjes-ne-ferizaj\/","title":{"rendered":"Presidenca mohon se Vjosa Osmani e Prindon Sadriu kishin njohuri p\u00ebr rastin e vrasjes n\u00eb Ferizaj"},"content":{"rendered":"<p>Presidenca, t\u00eb shtun\u00ebn, n\u00ebp\u00ebrmjet nj\u00eb komunikate p\u00ebr media, ka mohuar n\u00eb m\u00ebnyr\u00eb kategorike pretendimet se presidentja e Kosov\u00ebs, Vjosa Osmani dhe zot\u00ebriu i par\u00eb, Prindon Sadriu, ka qen\u00eb n\u00eb dijeni p\u00ebr motivet e rastit q\u00eb quan deri n\u00eb vrasjen e 89 vje\u00e7arit (Sadri Sadriu q\u00eb pretendohet t\u00eb jet\u00eb axha i Prindon Sadriut) nga nj\u00eb zyrtar policor (Festim Ramadani q\u00eb pretendohet t\u00eb jet\u00eb familjar i t\u00eb ndjerit).<\/p>\n<p>\u201cE gjith\u00eb kjo \u00ebsht\u00eb shpifje me q\u00ebllim t\u00eb implikimit t\u00eb Presidentes n\u00eb situata p\u00ebr t\u00eb cilat as nuk ka njohuri e as lidhje\u201d, ka th\u00ebn\u00eb p\u00ebr Albanian Post K\u00ebshilltari p\u00ebr Media e Presidenc\u00ebs, Bekim Kupina.<\/p>\n<p>Mediumi, Nacionale.com, duke u thirrur n\u00eb burime, raportoi t\u00eb shtun\u00ebn se \u2018motivi i vrasjes\u2019 n\u00eb Komun\u00ebn e Ferizajit ishte \u2018dhunimi i dy motrave t\u00eb dorasit, Festim Ramadanit, nga ana e viktim\u00ebs, Sadri Sadriu, kur ato ishin t\u00eb mitura\u2019.<\/p>\n<p>P\u00ebr rastin n\u00eb fjal\u00eb, sipas burimeve t\u00eb Nacionale.com, ishte i informuar edhe Prindon Sadriu, por edhe vet\u00eb Vjosa Osmani. Nj\u00eb gj\u00eb t\u00eb till\u00eb, Nacionale.com, ka tentuar t\u00eb faktoj\u00eb me disa fotografi, p\u00ebrmes t\u00eb cilave pretendohet se Prindon Sadriu e Vjosa Osmani, ishin pjes\u00eb e nj\u00eb grupi t\u00eb komunikimit n\u00eb platform\u00ebn sociale, Facebook, ku familja Ramadani kishte rr\u00ebfyer gjitha pretendimet e tyre p\u00ebr viktim\u00ebn Sadri Sadriu.<\/p>\n<p>\t\t<i><\/i><ins data-dcm-landing-page-escapes=\"0\" data-dcm-click-tracker=\"https:\/\/track.adform.net\/C\/?bn=73199340;adfibeg=0;cdata=wY0ZHC8ypbQniOq3Sj8hschgQeJ3VY4zU1bO9ulaUP_iCMviXuI_n4RPYRHBxkqVPVtGasWBO2DsQ97SqeB3vafpodL8HlhSS5QNXFy9YSXxjmdMEY9WqD7eKsUQLet9dO-UMsCLM2opnkTpCdy6-w2;;CREFURL=https%3a%2f%2feuro-pixel.com%2ftest.php;C=1;cpdir=\" class=\"dcmads\" data-dcm-placement=\"N571601.4773204ALBANIANPOST.COM\/B32392692.399829096\" data-dcm-rendering-mode=\"iframe\" data-dcm-https-only=\"\" data-dcm-api-frameworks=\"[APIFRAMEWORKS]\" data-dcm-omid-partner=\"[OMIDPARTNER]\" data-dcm-gdpr-applies=\"gdpr=\" data-dcm-gdpr-consent=\"gdpr_consent=\" data-dcm-addtl-consent=\"addtl_consent=${ADDTL_CONSENT}\" data-dcm-ltd=\"false\" data-dcm-resettable-device-id=\"\" data-dcm-app-id=\"\" data-dcm-processed=\"y\"><\/p>\n<p>\t\t<\/ins><\/p>\n<p>Megjithat\u00eb sipas Kupin\u00ebs, si Osmani ashtu edhe bashk\u00ebshorti i saj \u201cnuk p\u00ebrdorin asnj\u00eb grup komunikimi n\u00eb asnj\u00eb rrjet social\u201d.<\/p>\n<p>\u201cKjo \u00ebsht\u00eb t\u00ebr\u00ebsisht e pav\u00ebrtet\u00eb dhe tendencioze\u201d, ka shtuar ai.<\/p>\n<p>Kjo tendenc\u00eb, sipas Kupin\u00eb \u00ebsht\u00eb me q\u00ebllim t\u00eb qart\u00eb \u201cdenigrimi dhe rrezikimi t\u00eb jet\u00ebs s\u00eb Presidentes dhe familjes s\u00eb saj t\u00eb ngusht\u00eb\u201d.<\/p>\n<p>\u201cPresidentja do t\u2019i kund\u00ebrshtoj me \u00e7do mjet ligjor k\u00ebto tendenca dhe tashm\u00eb ka k\u00ebrkuar nga institucionet e siguris\u00eb q\u00eb ta trajtojn\u00eb k\u00ebt\u00eb me urgjenc\u00eb. Tendenca p\u00ebr t\u00eb nd\u00ebrlidhur rastin e mbr\u00ebmsh\u00ebm me Presidenten dhe familjen e saj t\u00eb ngusht\u00eb e shnd\u00ebrron at\u00eb n\u00eb nj\u00eb objektiv, duke v\u00ebn\u00eb n\u00eb rrezik jet\u00ebn e tyre. Kjo nuk ka t\u00eb b\u00ebj me standard profesional t\u00eb raportimit n\u00eb media. Presidentja \u00ebsht\u00eb n\u00eb kontakt t\u00eb vazhduesh\u00ebm me institucionet e siguris\u00eb n\u00eb m\u00ebnyr\u00eb q\u00eb ky plan i qart\u00eb p\u00ebr rrezikimin e jet\u00ebs s\u00eb saj e t\u00eb familjes t\u00eb trajtohet me prioritet\u201d, ka paralajm\u00ebruar ai.<\/p>\n<p>Sadri Sadriu mbeti i vrar\u00eb t\u00eb premten n\u00eb fshatin Bibaj t\u00eb Ferizajt, pasi zyrtari policor, Festim Ramadani, gjuajti me arm\u00eb zjarri n\u00eb drejtim t\u00eb tij, n\u00eb oborrin e nj\u00eb salle dasmash.<\/p>\n<p>The post <a rel=\"nofollow\" href=\"https:\/\/albanianpost.com\/presidenca-mohon-se-vjosa-osmani-e-prindon-sadriu-kishin-njohuri-per-rastin-e-vrasjes-ne-ferizaj\/\">Presidenca mohon se Vjosa Osmani e Prindon Sadriu kishin njohuri p\u00ebr rastin e vrasjes n\u00eb Ferizaj<\/a> appeared first on <a rel=\"nofollow\" href=\"https:\/\/albanianpost.com\/\">Albanian Post<\/a>.<\/p>\n","protected":false},"excerpt":{"rendered":"<p>Presidenca, t\u00eb shtun\u00ebn, n\u00ebp\u00ebrmjet nj\u00eb komunikate p\u00ebr media, ka mohuar n\u00eb m\u00ebnyr\u00eb kategorike pretendimet se presidentja e Kosov\u00ebs, Vjosa Osmani dhe zot\u00ebriu i par\u00eb, Prindon Sadriu, ka qen\u00eb n\u00eb dijeni p\u00ebr motivet e rastit q\u00eb quan deri n\u00eb vrasjen e 89 vje\u00e7arit (Sadri Sadriu q\u00eb pretendohet t\u00eb jet\u00eb axha i Prindon Sadriut) nga nj\u00eb zyrtar [&hellip;]<\/p>\n","protected":false},"author":1,"featured_media":8029,"comment_status":"open","ping_status":"open","sticky":false,"template":"","format":"standard","meta":{"footnotes":""},"categories":[1],"tags":[],"class_list":["post-8028","post","type-post","status-publish","format-standard","has-post-thumbnail","hentry","category-uncategorized"],"_links":{"self":[{"href":"https:\/\/radiogjilani.com\/index.php\/wp-json\/wp\/v2\/posts\/8028","targetHints":{"allow":["GET"]}}],"collection":[{"href":"https:\/\/radiogjilani.com\/index.php\/wp-json\/wp\/v2\/posts"}],"about":[{"href":"https:\/\/radiogjilani.com\/index.php\/wp-json\/wp\/v2\/types\/post"}],"author":[{"embeddable":true,"href":"https:\/\/radiogjilani.com\/index.php\/wp-json\/wp\/v2\/users\/1"}],"replies":[{"embeddable":true,"href":"https:\/\/radiogjilani.com\/index.php\/wp-json\/wp\/v2\/comments?post=8028"}],"version-history":[{"count":0,"href":"https:\/\/radiogjilani.com\/index.php\/wp-json\/wp\/v2\/posts\/8028\/revisions"}],"wp:featuredmedia":[{"embeddable":true,"href":"https:\/\/radiogjilani.com\/index.php\/wp-json\/wp\/v2\/media\/8029"}],"wp:attachment":[{"href":"https:\/\/radiogjilani.com\/index.php\/wp-json\/wp\/v2\/media?parent=8028"}],"wp:term":[{"taxonomy":"category","embeddable":true,"href":"https:\/\/radiogjilani.com\/index.php\/wp-json\/wp\/v2\/categories?post=8028"},{"taxonomy":"post_tag","embeddable":true,"href":"https:\/\/radiogjilani.com\/index.php\/wp-json\/wp\/v2\/tags?post=8028"}],"curies":[{"name":"wp","href":"https:\/\/api.w.org\/{rel}","templated":true}]}}