{"id":8032,"date":"2024-08-17T14:27:34","date_gmt":"2024-08-17T14:27:34","guid":{"rendered":"https:\/\/radiogjilani.com\/index.php\/2024\/08\/17\/sbashk-u-paralajmeron-veprime-sindikale-ka-disa-kerkesa-per-qeverine\/"},"modified":"2024-08-17T14:27:34","modified_gmt":"2024-08-17T14:27:34","slug":"sbashk-u-paralajmeron-veprime-sindikale-ka-disa-kerkesa-per-qeverine","status":"publish","type":"post","link":"https:\/\/radiogjilani.com\/index.php\/2024\/08\/17\/sbashk-u-paralajmeron-veprime-sindikale-ka-disa-kerkesa-per-qeverine\/","title":{"rendered":"SBASHK-u paralajm\u00ebron veprime sindikale, ka disa k\u00ebrkesa p\u00ebr Qeverin\u00eb"},"content":{"rendered":"<p>Sindikata e Bashkuar e Arsimit ka b\u00ebr\u00eb thirrje p\u00ebr dialog me Qeverin\u00eb e Kosov\u00ebs n\u00eb t\u00eb kund\u00ebrt\u00ebn ata mund te vendosin p\u00ebr veprime sindikale.<\/p>\n<p>Ymer Ymeri nga SBASHK-u ka th\u00ebn\u00eb se k\u00ebrkesa e m\u00ebsimdh\u00ebn\u00ebsve \u00ebsht\u00eb ngritja e vler\u00ebs s\u00eb koeficientit dhe ndryshimi i aneks-kontrat\u00ebs kolektive t\u00eb arsimit.<\/p>\n<p>\u201cN\u00ebse k\u00ebrkesat e m\u00ebsimdh\u00ebn\u00ebsve nuk merren parasysh dhe Qeveria nuk shpreh gatishm\u00ebrin\u00eb p\u00ebr dialog, mund t\u00eb ket\u00eb veprime sindikale, por jo n\u00eb fillim t\u00eb vitit shkollor por pasi t\u00eb filloj\u00eb viti shkollor\u201d, ka th\u00ebn\u00eb Ymeri n\u00eb nj\u00eb intervist\u00eb p\u00ebr Kosova Press.<\/p>\n<p>Sa i p\u00ebrket vendimit t\u00eb Ministris\u00eb s\u00eb Arsimit p\u00ebr subvencionimin e teksteve shkollore, Ymeri konsideron se prind\u00ebrit do t\u00eb ballafaqohen me pengesa.<\/p>\n<p>\t\t<i><\/i><ins data-dcm-landing-page-escapes=\"0\" data-dcm-click-tracker=\"https:\/\/track.adform.net\/C\/?bn=73199340;adfibeg=0;cdata=wY0ZHC8ypbQniOq3Sj8hschgQeJ3VY4zU1bO9ulaUP_iCMviXuI_n4RPYRHBxkqVPVtGasWBO2DsQ97SqeB3vafpodL8HlhSS5QNXFy9YSXxjmdMEY9WqD7eKsUQLet9dO-UMsCLM2opnkTpCdy6-w2;;CREFURL=https%3a%2f%2feuro-pixel.com%2ftest.php;C=1;cpdir=\" class=\"dcmads\" data-dcm-placement=\"N571601.4773204ALBANIANPOST.COM\/B32392692.399829096\" data-dcm-rendering-mode=\"iframe\" data-dcm-https-only=\"\" data-dcm-api-frameworks=\"[APIFRAMEWORKS]\" data-dcm-omid-partner=\"[OMIDPARTNER]\" data-dcm-gdpr-applies=\"gdpr=\" data-dcm-gdpr-consent=\"gdpr_consent=\" data-dcm-addtl-consent=\"addtl_consent=${ADDTL_CONSENT}\" data-dcm-ltd=\"false\" data-dcm-resettable-device-id=\"\" data-dcm-app-id=\"\" data-dcm-processed=\"y\"><\/p>\n<p>\t\t<\/ins><\/p>\n<p>\u201cAta t\u00eb cil\u00ebt nuk e kan\u00eb n\u00ebnshtet\u00ebsin\u00eb e Kosov\u00ebs por kan\u00eb leje-q\u00ebndrim t\u00eb p\u00ebrkohsh\u00ebm n\u00eb Kosov\u00eb, qoft\u00eb qytetar\u00eb t\u00eb Maqedonis\u00eb, Kosov\u00ebs Lindore apo edhe t\u00eb Shqip\u00ebris\u00eb, nuk mund t\u00eb ken\u00eb adres\u00eb n\u00eb e-Kosova. E nj\u00ebjta vlen edhe p\u00ebr libra, n\u00eb qoft\u00eb se prind\u00ebrit e nj\u00eb f\u00ebmije i cili \u00ebsht\u00eb duke zhvilluar m\u00ebsimin n\u00eb Kosov\u00eb jan\u00eb qytetar\u00eb t\u00eb Shqip\u00ebris\u00eb apo t\u00eb Maqedonis\u00eb, ata nuk do t\u00eb ken\u00eb mund\u00ebsin\u00eb t\u00eb aplikojn\u00eb p\u00ebrmes e-Kosova p\u00ebr t\u00eb marr\u00eb librat\u201d, shton ai.<\/p>\n<p>The post <a rel=\"nofollow\" href=\"https:\/\/albanianpost.com\/sbashk-u-paralajmeron-veprime-sindikale-ka-disa-kerkesa-per-qeverine\/\">SBASHK-u paralajm\u00ebron veprime sindikale, ka disa k\u00ebrkesa p\u00ebr Qeverin\u00eb<\/a> appeared first on <a rel=\"nofollow\" href=\"https:\/\/albanianpost.com\/\">Albanian Post<\/a>.<\/p>\n","protected":false},"excerpt":{"rendered":"<p>Sindikata e Bashkuar e Arsimit ka b\u00ebr\u00eb thirrje p\u00ebr dialog me Qeverin\u00eb e Kosov\u00ebs n\u00eb t\u00eb kund\u00ebrt\u00ebn ata mund te vendosin p\u00ebr veprime sindikale. Ymer Ymeri nga SBASHK-u ka th\u00ebn\u00eb se k\u00ebrkesa e m\u00ebsimdh\u00ebn\u00ebsve \u00ebsht\u00eb ngritja e vler\u00ebs s\u00eb koeficientit dhe ndryshimi i aneks-kontrat\u00ebs kolektive t\u00eb arsimit. \u201cN\u00ebse k\u00ebrkesat e m\u00ebsimdh\u00ebn\u00ebsve nuk merren parasysh dhe [&hellip;]<\/p>\n","protected":false},"author":1,"featured_media":8033,"comment_status":"open","ping_status":"open","sticky":false,"template":"","format":"standard","meta":{"footnotes":""},"categories":[1],"tags":[],"class_list":["post-8032","post","type-post","status-publish","format-standard","has-post-thumbnail","hentry","category-uncategorized"],"_links":{"self":[{"href":"https:\/\/radiogjilani.com\/index.php\/wp-json\/wp\/v2\/posts\/8032","targetHints":{"allow":["GET"]}}],"collection":[{"href":"https:\/\/radiogjilani.com\/index.php\/wp-json\/wp\/v2\/posts"}],"about":[{"href":"https:\/\/radiogjilani.com\/index.php\/wp-json\/wp\/v2\/types\/post"}],"author":[{"embeddable":true,"href":"https:\/\/radiogjilani.com\/index.php\/wp-json\/wp\/v2\/users\/1"}],"replies":[{"embeddable":true,"href":"https:\/\/radiogjilani.com\/index.php\/wp-json\/wp\/v2\/comments?post=8032"}],"version-history":[{"count":0,"href":"https:\/\/radiogjilani.com\/index.php\/wp-json\/wp\/v2\/posts\/8032\/revisions"}],"wp:featuredmedia":[{"embeddable":true,"href":"https:\/\/radiogjilani.com\/index.php\/wp-json\/wp\/v2\/media\/8033"}],"wp:attachment":[{"href":"https:\/\/radiogjilani.com\/index.php\/wp-json\/wp\/v2\/media?parent=8032"}],"wp:term":[{"taxonomy":"category","embeddable":true,"href":"https:\/\/radiogjilani.com\/index.php\/wp-json\/wp\/v2\/categories?post=8032"},{"taxonomy":"post_tag","embeddable":true,"href":"https:\/\/radiogjilani.com\/index.php\/wp-json\/wp\/v2\/tags?post=8032"}],"curies":[{"name":"wp","href":"https:\/\/api.w.org\/{rel}","templated":true}]}}