{"id":8050,"date":"2024-08-18T15:20:38","date_gmt":"2024-08-18T15:20:38","guid":{"rendered":"https:\/\/radiogjilani.com\/index.php\/2024\/08\/18\/pacolli-e-pafalshme-qe-kosova-ska-helikopter\/"},"modified":"2024-08-18T15:20:38","modified_gmt":"2024-08-18T15:20:38","slug":"pacolli-e-pafalshme-qe-kosova-ska-helikopter","status":"publish","type":"post","link":"https:\/\/radiogjilani.com\/index.php\/2024\/08\/18\/pacolli-e-pafalshme-qe-kosova-ska-helikopter\/","title":{"rendered":"Pacolli: E pafalshme q\u00eb Kosova s\u2019ka helikopter"},"content":{"rendered":"<p>Kryetari i AKR\u2019s\u00eb, Behgjet Pacolli, ka th\u00ebn\u00eb se \u00ebsht\u00eb e pafalshme q\u00eb Kosova nuk ka helikopter p\u00ebr nevoja emergjente. \u201c\u00cbsht\u00eb e pafalshme q\u00eb Kosova nuk ka as edhe nj\u00eb helikopter p\u00ebr nevojat emergjente t\u00eb vendit. Sa nevoj\u00eb kishte vendi tani p\u00ebr shuarjen e zjarreve!!!!\u201d Ai ka th\u00ebn\u00eb se kur Ismet Ibishi i AKR\u2019s\u00eb ishte zv\/minist\u00ebr i Pun\u00ebve t\u00eb Brendshme ishte angazhuar n\u00eb p\u00ebrmbushjen e formaliteteve p\u00ebr&#8230;<\/p>\n<p><a href=\"https:\/\/ekonomiaonline.com\/pacolli-e-pafalshme-qe-kosova-ska-helikopter\/\" rel=\"nofollow\">Source<\/a><\/p>\n","protected":false},"excerpt":{"rendered":"<p>Kryetari i AKR\u2019s\u00eb, Behgjet Pacolli, ka th\u00ebn\u00eb se \u00ebsht\u00eb e pafalshme q\u00eb Kosova nuk ka helikopter p\u00ebr nevoja emergjente. \u201c\u00cbsht\u00eb e pafalshme q\u00eb Kosova nuk ka as edhe nj\u00eb helikopter p\u00ebr nevojat emergjente t\u00eb vendit. Sa nevoj\u00eb kishte vendi tani p\u00ebr shuarjen e zjarreve!!!!\u201d Ai ka th\u00ebn\u00eb se kur Ismet Ibishi i AKR\u2019s\u00eb ishte zv\/minist\u00ebr [&hellip;]<\/p>\n","protected":false},"author":1,"featured_media":8051,"comment_status":"open","ping_status":"open","sticky":false,"template":"","format":"standard","meta":{"footnotes":""},"categories":[19],"tags":[],"class_list":["post-8050","post","type-post","status-publish","format-standard","has-post-thumbnail","hentry","category-eko"],"_links":{"self":[{"href":"https:\/\/radiogjilani.com\/index.php\/wp-json\/wp\/v2\/posts\/8050","targetHints":{"allow":["GET"]}}],"collection":[{"href":"https:\/\/radiogjilani.com\/index.php\/wp-json\/wp\/v2\/posts"}],"about":[{"href":"https:\/\/radiogjilani.com\/index.php\/wp-json\/wp\/v2\/types\/post"}],"author":[{"embeddable":true,"href":"https:\/\/radiogjilani.com\/index.php\/wp-json\/wp\/v2\/users\/1"}],"replies":[{"embeddable":true,"href":"https:\/\/radiogjilani.com\/index.php\/wp-json\/wp\/v2\/comments?post=8050"}],"version-history":[{"count":0,"href":"https:\/\/radiogjilani.com\/index.php\/wp-json\/wp\/v2\/posts\/8050\/revisions"}],"wp:featuredmedia":[{"embeddable":true,"href":"https:\/\/radiogjilani.com\/index.php\/wp-json\/wp\/v2\/media\/8051"}],"wp:attachment":[{"href":"https:\/\/radiogjilani.com\/index.php\/wp-json\/wp\/v2\/media?parent=8050"}],"wp:term":[{"taxonomy":"category","embeddable":true,"href":"https:\/\/radiogjilani.com\/index.php\/wp-json\/wp\/v2\/categories?post=8050"},{"taxonomy":"post_tag","embeddable":true,"href":"https:\/\/radiogjilani.com\/index.php\/wp-json\/wp\/v2\/tags?post=8050"}],"curies":[{"name":"wp","href":"https:\/\/api.w.org\/{rel}","templated":true}]}}