{"id":8062,"date":"2024-08-18T15:21:28","date_gmt":"2024-08-18T15:21:28","guid":{"rendered":"https:\/\/radiogjilani.com\/index.php\/2024\/08\/18\/alain-delon-legjenda-e-filmit-francez-ka-vdekur-ne-moshen-88-vjecare\/"},"modified":"2024-08-18T15:21:28","modified_gmt":"2024-08-18T15:21:28","slug":"alain-delon-legjenda-e-filmit-francez-ka-vdekur-ne-moshen-88-vjecare","status":"publish","type":"post","link":"https:\/\/radiogjilani.com\/index.php\/2024\/08\/18\/alain-delon-legjenda-e-filmit-francez-ka-vdekur-ne-moshen-88-vjecare\/","title":{"rendered":"Alain Delon, legjenda e filmit francez ka vdekur n\u00eb mosh\u00ebn 88-vje\u00e7are"},"content":{"rendered":"<p>Alain Delon, aktori, producenti dhe shkrimtari francez, bukuria e ftoht\u00eb dhe enigmatike e t\u00eb cilit e b\u00ebri at\u00eb nj\u00eb seks simbol nd\u00ebrkomb\u00ebtar, ka vdekur n\u00eb mosh\u00ebn 88-vje\u00e7are.<\/p>\n<p>\u201cAi nd\u00ebrroi jet\u00eb i qet\u00eb n\u00eb sht\u00ebpin\u00eb e tij n\u00eb Douchy, i rrethuar nga tre f\u00ebmij\u00ebt e tij dhe familja e tij\u201d, thuhet n\u00eb nj\u00eb deklarat\u00eb familjare t\u00eb l\u00ebshuar p\u00ebr agjencin\u00eb e lajmeve AFP. Delon ishte duke luftuar me sh\u00ebndet t\u00eb dob\u00ebt vitet e fundit dhe p\u00ebsoi nj\u00eb goditje n\u00eb 2019.<\/p>\n<p>Presidenti francez Emmanuel Macron udh\u00ebhoqi homazhet p\u00ebr aktorin. \u201cMelankolik, popullor, i fsheht\u00eb, ai ishte m\u00eb shum\u00eb se nj\u00eb yll: nj\u00eb monument francez\u201d, tha Macron.<\/p>\n<p>Delon do t\u00eb mbahet mend si nj\u00eb ikon\u00eb e kinemas\u00eb franceze dhe evropiane, i cili ka punuar me nj\u00eb mori regjisor\u00eb t\u00eb njohur. Por ai \u00ebsht\u00eb kritikuar p\u00ebr pik\u00ebpamjet e tij t\u00eb diskutueshme politike dhe q\u00ebndrimin ndaj grave. Feminist\u00ebt ishin t\u00eb tmerruar kur n\u00eb fund t\u00eb jet\u00ebs s\u00eb tij iu dha Palma e Art\u00eb nderi.<\/p>\n<p>\t\t<i><\/i><ins data-dcm-landing-page-escapes=\"0\" data-dcm-click-tracker=\"https:\/\/track.adform.net\/C\/?bn=73199340;adfibeg=0;cdata=wY0ZHC8ypbQniOq3Sj8hschgQeJ3VY4zU1bO9ulaUP_iCMviXuI_n4RPYRHBxkqVPVtGasWBO2DsQ97SqeB3vafpodL8HlhSS5QNXFy9YSXxjmdMEY9WqD7eKsUQLet9dO-UMsCLM2opnkTpCdy6-w2;;CREFURL=https%3a%2f%2feuro-pixel.com%2ftest.php;C=1;cpdir=\" class=\"dcmads\" data-dcm-placement=\"N571601.4773204ALBANIANPOST.COM\/B32392692.399829096\" data-dcm-rendering-mode=\"iframe\" data-dcm-https-only=\"\" data-dcm-api-frameworks=\"[APIFRAMEWORKS]\" data-dcm-omid-partner=\"[OMIDPARTNER]\" data-dcm-gdpr-applies=\"gdpr=\" data-dcm-gdpr-consent=\"gdpr_consent=\" data-dcm-addtl-consent=\"addtl_consent=${ADDTL_CONSENT}\" data-dcm-ltd=\"false\" data-dcm-resettable-device-id=\"\" data-dcm-app-id=\"\" data-dcm-processed=\"y\"><\/p>\n<p>\t\t<\/ins><\/p>\n<p>Delon merr \u00e7mimin e tij t\u00eb nderit Palme d\u2019Or n\u00eb Festivalin e 72-t\u00eb t\u00eb Filmit n\u00eb Kan\u00eb n\u00eb Kan\u00eb, Franc\u00eb, m\u00eb 19 maj 2019.<\/p>\n<p>I lindur n\u00eb Sceaux, nj\u00eb periferi n\u00eb jug t\u00eb Parisit, Delon pati nj\u00eb f\u00ebmij\u00ebri t\u00eb trazuar t\u00eb sh\u00ebnuar nga divorci i prind\u00ebrve t\u00eb tij dhe p\u00ebrjashtimet e shpeshta nga shkolla, p\u00ebrpara se t\u00eb sh\u00ebrbente n\u00eb Marin\u00ebn Franceze dhe m\u00eb von\u00eb t\u00eb merrte pun\u00eb t\u00eb \u00e7uditshme n\u00eb Paris.<\/p>\n<p>Ai b\u00ebri paraqitjen e tij t\u00eb par\u00eb n\u00eb film n\u00eb vitin 1957, duke luajtur nj\u00eb vras\u00ebs me pages\u00eb n\u00eb thrillerin \u201cQuand la femme s\u2019en m\u00eale\u201d, me titull \u201cD\u00ebrgo nj\u00eb grua kur d\u00ebshton djalli\u201d n\u00eb anglisht.<\/p>\n<p>Ky do t\u00eb ishte i pari nga shum\u00eb rolet anti-hero p\u00ebr Delon, i cili vazhdoi t\u00eb b\u00ebhej nj\u00eb figur\u00eb kryesore n\u00eb filmin evropian n\u00eb vitet 1960, duke punuar me regjisor\u00eb t\u00eb till\u00eb t\u00eb lavd\u00ebruar si Ren\u00e9 Cl\u00e9ment (\u201cPlein Soleil\u201d, 1960, me titull \u201cPurple Noon \u201d n\u00eb Shtetet e Bashkuara), Luchino Visconti (\u201cRocco and his Brothers\u201d, 1960, dhe \u201cThe Leopard\u201d, 1963) dhe Jean-Pierre Melville (\u201cLe Samoura\u00ef,\u201d 1967).<\/p>\n<p>N\u00eb vitin 1968, Delon u kap n\u00eb nj\u00eb skandal seksual, droge dhe vrasjesh q\u00eb p\u00ebrfshin shoq\u00ebrin\u00eb e lart\u00eb franceze, t\u00eb njohur si afera Markovi\u00e7. Ai u mor n\u00eb pyetje, por nuk u akuzua kurr\u00eb.<\/p>\n<p>Ai gjithashtu u shfaq n\u00eb shum\u00eb prodhime n\u00eb gjuh\u00ebn angleze, duke p\u00ebrfshir\u00eb filmin antologjik \u201cThe Yellow Rolls-Royce\u201d (1964) dhe Western \u201cTexas Across the River\u201d (1966) dhe \u201cRed Sun\u201d (1971), por ai nuk arriti t\u00eb p\u00ebrs\u00ebriste suksesi q\u00eb ai g\u00ebzoi n\u00eb kinematografin\u00eb evropiane.<\/p>\n<p>Delon fitoi nj\u00eb \u00e7mim C\u00e9sar, ekuivalenti i Franc\u00ebs me nj\u00eb Oskar, p\u00ebr aktorin m\u00eb t\u00eb mir\u00eb n\u00eb 1985 p\u00ebr rolin e tij si nj\u00eb alkoolist n\u00eb \u201cHistoria jon\u00eb\u201d e Bertrand Blier. Ai gjithashtu u nominua p\u00ebr Golden Globe p\u00ebr interpretimin e tij si Tancredi pasionant dhe pa para n\u00eb \u201cThe Leopard\u201d.<\/p>\n<p>N\u00eb vitin 1990, ai luajti si autostopist Lennox n\u00eb dram\u00ebn ambicioze \u201cNouvelle vague\u201d (\u201cVala e Re\u201d) me regji t\u00eb Jean-Luc Godard.<\/p>\n<p>Ylli i tij u zbeh n\u00eb vitet e tij t\u00eb m\u00ebvonshme, por ai u rishfaq n\u00eb televizion rreth fundit t\u00eb shekullit, duke luajtur rolin e detektiv\u00ebve veteran\u00eb n\u00eb dy miniserit\u00eb: \u201cFabio Montale\u201d (2002) dhe \u201cFrank Riva\u201d (2003-04).<\/p>\n<p>N\u00eb vitin 2005, Delon u em\u00ebrua Oficer n\u00eb Legjionin e Nderit Francez p\u00ebr kontributin e tij n\u00eb kinematografin\u00eb bot\u00ebrore.<\/p>\n<p><strong>Grindje dhe polemika familjare<\/strong><\/p>\n<p>Dalja e fundit e madhe publike e Delon ishte kur ai mori Palm\u00ebn e Art\u00eb p\u00ebr nder t\u00eb karrier\u00ebs n\u00eb Festivalin e Filmit n\u00eb Kan\u00eb n\u00eb vitin 2019. Grupet e t\u00eb drejtave t\u00eb grave e kritikuan mas\u00ebn, duke p\u00ebrmendur deklaratat e kaluara t\u00eb aktorit n\u00eb t\u00eb cilat ai pranoi se kishte goditur me shuplak\u00eb grat\u00eb. Nj\u00eb peticion q\u00eb k\u00ebrkonte q\u00eb t\u00eb mos nderohej ai mblodhi m\u00eb shum\u00eb se 25 mij\u00eb n\u00ebnshkrime.<\/p>\n<p>Ai ishte i martuar me aktoren dhe modelen Nathalie Delon nga viti 1964 deri n\u00eb vitin 1969 dhe \u00e7ifti kishte nj\u00eb f\u00ebmij\u00eb, Anthony.<\/p>\n<p>Delon kishte tre f\u00ebmij\u00eb t\u00eb tjer\u00eb: nj\u00eb djal\u00eb, Christian Boulogne, me k\u00ebng\u00ebtaren dhe aktoren Nico, dhe Anouchka Delon dhe Alain-Fabien Delon me aktoren holandeze Rosalie van Breemen.<\/p>\n<p>Nj\u00eb figur\u00eb polarizuese, Delon ishte kritikuar p\u00ebr marr\u00ebdh\u00ebnien e tij t\u00eb ngusht\u00eb me Jean-Marie Le Pen, kreun e partis\u00eb s\u00eb ekstremit t\u00eb djatht\u00eb t\u00eb Frontit Komb\u00ebtar t\u00eb Franc\u00ebs, me t\u00eb cilin ai tha se kishte \u201cnj\u00eb miq\u00ebsi 50-vje\u00e7are\u201d, sipas BFMTV.<\/p>\n<p>Ai kishte th\u00ebn\u00eb gjithashtu se i vinte keq p\u00ebr heqjen e d\u00ebnimit me vdekje, sipas Reuters, dhe foli kund\u00ebr martesave t\u00eb t\u00eb nj\u00ebjtit seks dhe t\u00eb drejt\u00ebs q\u00eb \u00e7iftet homoseksuale t\u00eb bir\u00ebsojn\u00eb f\u00ebmij\u00eb.<\/p>\n<p>Nd\u00ebrsa sh\u00ebndeti i Delon p\u00ebrkeq\u00ebsohej, f\u00ebmij\u00ebt e tij u p\u00ebrfshin\u00eb n\u00eb nj\u00eb mosmarr\u00ebveshje publike mbi sh\u00ebndetin dhe kujdesin e babait t\u00eb tyre.<\/p>\n<p>Anthony dhe Alain-Fabien kishin akuzuar Anouchka p\u00ebr fshehjen e gjendjes sh\u00ebndet\u00ebsore t\u00eb Delon prej tyre dhe manipulimin e aktorit, sipas deg\u00ebs s\u00eb CNN, BFMTV.<\/p>\n<p>Kjo pasoi nj\u00eb betej\u00eb gjyq\u00ebsore n\u00eb vitin 2023, n\u00eb t\u00eb cil\u00ebn f\u00ebmij\u00ebt e Delon depozituan ankesa kund\u00ebr Hiromi Rollin, nj\u00eb shoq\u00ebruese e ngusht\u00eb e aktorit q\u00eb e kishte paraqitur veten si partnere e tij, p\u00ebr dhun\u00eb, ngacmim dhe abuzim, p\u00ebrfshir\u00eb edhe kund\u00ebr babait t\u00eb tyre, sipas transmetuesit francez t\u00eb lajmeve.<\/p>\n<p>Rollin, n\u00eb k\u00ebmbim, paraqiti nj\u00eb ankes\u00eb kund\u00ebr f\u00ebmij\u00ebve t\u00eb Delon pasi u d\u00ebbuan nga prona e tij n\u00eb Douchy n\u00eb Franc\u00ebn veriore qendrore, duke i akuzuar ata p\u00ebr dhun\u00eb nga bandat dhe vjedhje. T\u00eb gjitha ankesat u hodh\u00ebn posht\u00eb, sipas BFMTV.<\/p>\n<p>The post <a rel=\"nofollow\" href=\"https:\/\/albanianpost.com\/alain-delon-legjenda-e-filmit-francez-ka-vdekur-ne-moshen-88-vjecare\/\">Alain Delon, legjenda e filmit francez ka vdekur n\u00eb mosh\u00ebn 88-vje\u00e7are<\/a> appeared first on <a rel=\"nofollow\" href=\"https:\/\/albanianpost.com\/\">Albanian Post<\/a>.<\/p>\n","protected":false},"excerpt":{"rendered":"<p>Alain Delon, aktori, producenti dhe shkrimtari francez, bukuria e ftoht\u00eb dhe enigmatike e t\u00eb cilit e b\u00ebri at\u00eb nj\u00eb seks simbol nd\u00ebrkomb\u00ebtar, ka vdekur n\u00eb mosh\u00ebn 88-vje\u00e7are. \u201cAi nd\u00ebrroi jet\u00eb i qet\u00eb n\u00eb sht\u00ebpin\u00eb e tij n\u00eb Douchy, i rrethuar nga tre f\u00ebmij\u00ebt e tij dhe familja e tij\u201d, thuhet n\u00eb nj\u00eb deklarat\u00eb familjare t\u00eb [&hellip;]<\/p>\n","protected":false},"author":1,"featured_media":8063,"comment_status":"open","ping_status":"open","sticky":false,"template":"","format":"standard","meta":{"footnotes":""},"categories":[1],"tags":[],"class_list":["post-8062","post","type-post","status-publish","format-standard","has-post-thumbnail","hentry","category-uncategorized"],"_links":{"self":[{"href":"https:\/\/radiogjilani.com\/index.php\/wp-json\/wp\/v2\/posts\/8062","targetHints":{"allow":["GET"]}}],"collection":[{"href":"https:\/\/radiogjilani.com\/index.php\/wp-json\/wp\/v2\/posts"}],"about":[{"href":"https:\/\/radiogjilani.com\/index.php\/wp-json\/wp\/v2\/types\/post"}],"author":[{"embeddable":true,"href":"https:\/\/radiogjilani.com\/index.php\/wp-json\/wp\/v2\/users\/1"}],"replies":[{"embeddable":true,"href":"https:\/\/radiogjilani.com\/index.php\/wp-json\/wp\/v2\/comments?post=8062"}],"version-history":[{"count":0,"href":"https:\/\/radiogjilani.com\/index.php\/wp-json\/wp\/v2\/posts\/8062\/revisions"}],"wp:featuredmedia":[{"embeddable":true,"href":"https:\/\/radiogjilani.com\/index.php\/wp-json\/wp\/v2\/media\/8063"}],"wp:attachment":[{"href":"https:\/\/radiogjilani.com\/index.php\/wp-json\/wp\/v2\/media?parent=8062"}],"wp:term":[{"taxonomy":"category","embeddable":true,"href":"https:\/\/radiogjilani.com\/index.php\/wp-json\/wp\/v2\/categories?post=8062"},{"taxonomy":"post_tag","embeddable":true,"href":"https:\/\/radiogjilani.com\/index.php\/wp-json\/wp\/v2\/tags?post=8062"}],"curies":[{"name":"wp","href":"https:\/\/api.w.org\/{rel}","templated":true}]}}