{"id":8066,"date":"2024-08-18T15:21:26","date_gmt":"2024-08-18T15:21:26","guid":{"rendered":"https:\/\/radiogjilani.com\/index.php\/2024\/08\/18\/syri-i-kalter-ne-sarande-4220-vizitore-brenda-nje-dite\/"},"modified":"2024-08-18T15:21:26","modified_gmt":"2024-08-18T15:21:26","slug":"syri-i-kalter-ne-sarande-4220-vizitore-brenda-nje-dite","status":"publish","type":"post","link":"https:\/\/radiogjilani.com\/index.php\/2024\/08\/18\/syri-i-kalter-ne-sarande-4220-vizitore-brenda-nje-dite\/","title":{"rendered":"Syri i Kalt\u00ebr n\u00eb Sarand\u00eb, 4220 vizitor\u00eb brenda nj\u00eb dite"},"content":{"rendered":"<p>Parku natyror \u201cSyri i kalt\u00ebr\u201d n\u00eb Sarand\u00eb vijon t\u00eb jet\u00eb ndalesa e nj\u00eb numri t\u00eb lart\u00eb turist\u00ebsh edhe gjat\u00eb k\u00ebtij sezoni veror.<\/p>\n<p>Ministrja e Turizmit dhe Mjedisit, Mirela Kumbaro b\u00ebri sot t\u00eb ditur se Parku Natyror i Syrit t\u00eb Kalt\u00ebr, nd\u00ebr destinacionet m\u00eb t\u00eb vizituara, ka mir\u00ebpritur plot 4220 vizitor\u00eb vet\u00ebm n\u00eb nj\u00eb dit\u00eb p\u00ebrgjat\u00eb muajit gusht.<\/p>\n<p>\u201cSpecialist\u00ebt e zonave t\u00eb mbrojtura kujdesen p\u00ebrher\u00eb p\u00ebr t\u00eb ofruar nj\u00eb eksperienc\u00eb sa m\u00eb t\u00eb plot\u00eb p\u00ebr kureshtar\u00ebt e turist\u00ebt\u201d, vler\u00ebsoi Kumbaro.<\/p>\n<p>\u201cSyri i kalt\u00ebr\u201d ndodhet pran\u00eb fshatit Muzin\u00eb, pran\u00eb rrug\u00ebs nacionale Delvin\u00eb-Gjirokast\u00ebr, rreth 30 minuta larg nga Saranda.<\/p>\n<p>\t\t<i><\/i><ins data-dcm-landing-page-escapes=\"0\" data-dcm-click-tracker=\"https:\/\/track.adform.net\/C\/?bn=73199340;adfibeg=0;cdata=wY0ZHC8ypbQniOq3Sj8hschgQeJ3VY4zU1bO9ulaUP_iCMviXuI_n4RPYRHBxkqVPVtGasWBO2DsQ97SqeB3vafpodL8HlhSS5QNXFy9YSXxjmdMEY9WqD7eKsUQLet9dO-UMsCLM2opnkTpCdy6-w2;;CREFURL=https%3a%2f%2feuro-pixel.com%2ftest.php;C=1;cpdir=\" class=\"dcmads\" data-dcm-placement=\"N571601.4773204ALBANIANPOST.COM\/B32392692.399829096\" data-dcm-rendering-mode=\"iframe\" data-dcm-https-only=\"\" data-dcm-api-frameworks=\"[APIFRAMEWORKS]\" data-dcm-omid-partner=\"[OMIDPARTNER]\" data-dcm-gdpr-applies=\"gdpr=\" data-dcm-gdpr-consent=\"gdpr_consent=\" data-dcm-addtl-consent=\"addtl_consent=${ADDTL_CONSENT}\" data-dcm-ltd=\"false\" data-dcm-resettable-device-id=\"\" data-dcm-app-id=\"\" data-dcm-processed=\"y\"><\/p>\n<p>\t\t<\/ins><\/p>\n<p>Ai \u00ebsht\u00eb nj\u00eb pasuri natyrore e Shqip\u00ebris\u00eb, i cili me vendimet e muajit janar 2022 ka marr\u00eb nj\u00eb status m\u00eb t\u00eb lart\u00eb mbrojtjeje, at\u00eb t\u00eb \u201cParkut Natyror\u201d, me nj\u00eb sip\u00ebrfaqe t\u00eb rritur n\u00eb 293 hektar\u00eb, p\u00ebr t\u00eb mbrojtur m\u00eb mir\u00eb Monumentin e Natyr\u00ebs me t\u00eb nj\u00ebjtin em\u00ebr, q\u00eb mban brenda parkut.<\/p>\n<p>Vitet e fundit \u201cSyri i Kalt\u00ebr\u201d ka t\u00ebrhequr shum\u00eb vizitor\u00eb nga vende t\u00eb ndryshme t\u00eb bot\u00ebs.<\/p>\n<p>The post <a rel=\"nofollow\" href=\"https:\/\/albanianpost.com\/syri-i-kalter-ne-sarande-4220-vizitore-brenda-nje-dite\/\">Syri i Kalt\u00ebr n\u00eb Sarand\u00eb, 4220 vizitor\u00eb brenda nj\u00eb dite<\/a> appeared first on <a rel=\"nofollow\" href=\"https:\/\/albanianpost.com\/\">Albanian Post<\/a>.<\/p>\n","protected":false},"excerpt":{"rendered":"<p>Parku natyror \u201cSyri i kalt\u00ebr\u201d n\u00eb Sarand\u00eb vijon t\u00eb jet\u00eb ndalesa e nj\u00eb numri t\u00eb lart\u00eb turist\u00ebsh edhe gjat\u00eb k\u00ebtij sezoni veror. Ministrja e Turizmit dhe Mjedisit, Mirela Kumbaro b\u00ebri sot t\u00eb ditur se Parku Natyror i Syrit t\u00eb Kalt\u00ebr, nd\u00ebr destinacionet m\u00eb t\u00eb vizituara, ka mir\u00ebpritur plot 4220 vizitor\u00eb vet\u00ebm n\u00eb nj\u00eb dit\u00eb p\u00ebrgjat\u00eb [&hellip;]<\/p>\n","protected":false},"author":1,"featured_media":8067,"comment_status":"open","ping_status":"open","sticky":false,"template":"","format":"standard","meta":{"footnotes":""},"categories":[1],"tags":[],"class_list":["post-8066","post","type-post","status-publish","format-standard","has-post-thumbnail","hentry","category-uncategorized"],"_links":{"self":[{"href":"https:\/\/radiogjilani.com\/index.php\/wp-json\/wp\/v2\/posts\/8066","targetHints":{"allow":["GET"]}}],"collection":[{"href":"https:\/\/radiogjilani.com\/index.php\/wp-json\/wp\/v2\/posts"}],"about":[{"href":"https:\/\/radiogjilani.com\/index.php\/wp-json\/wp\/v2\/types\/post"}],"author":[{"embeddable":true,"href":"https:\/\/radiogjilani.com\/index.php\/wp-json\/wp\/v2\/users\/1"}],"replies":[{"embeddable":true,"href":"https:\/\/radiogjilani.com\/index.php\/wp-json\/wp\/v2\/comments?post=8066"}],"version-history":[{"count":0,"href":"https:\/\/radiogjilani.com\/index.php\/wp-json\/wp\/v2\/posts\/8066\/revisions"}],"wp:featuredmedia":[{"embeddable":true,"href":"https:\/\/radiogjilani.com\/index.php\/wp-json\/wp\/v2\/media\/8067"}],"wp:attachment":[{"href":"https:\/\/radiogjilani.com\/index.php\/wp-json\/wp\/v2\/media?parent=8066"}],"wp:term":[{"taxonomy":"category","embeddable":true,"href":"https:\/\/radiogjilani.com\/index.php\/wp-json\/wp\/v2\/categories?post=8066"},{"taxonomy":"post_tag","embeddable":true,"href":"https:\/\/radiogjilani.com\/index.php\/wp-json\/wp\/v2\/tags?post=8066"}],"curies":[{"name":"wp","href":"https:\/\/api.w.org\/{rel}","templated":true}]}}