{"id":8072,"date":"2024-08-18T15:21:23","date_gmt":"2024-08-18T15:21:23","guid":{"rendered":"https:\/\/radiogjilani.com\/index.php\/2024\/08\/18\/largohet-i-nxehti-afrikan-rikthehen-vranesirat-ne-te-gjithe-vendin\/"},"modified":"2024-08-18T15:21:23","modified_gmt":"2024-08-18T15:21:23","slug":"largohet-i-nxehti-afrikan-rikthehen-vranesirat-ne-te-gjithe-vendin","status":"publish","type":"post","link":"https:\/\/radiogjilani.com\/index.php\/2024\/08\/18\/largohet-i-nxehti-afrikan-rikthehen-vranesirat-ne-te-gjithe-vendin\/","title":{"rendered":"Largohet i nxehti afrikan, rikthehen vran\u00ebsirat n\u00eb t\u00eb gjith\u00eb vendin"},"content":{"rendered":"<p>Pas dit\u00ebve t\u00eb nxehta me temperatura t\u00eb larta, vendi yn\u00eb \u00ebsht\u00eb p\u00ebrfshir\u00eb k\u00ebt\u00eb t\u00eb diel nga vran\u00ebsirat dhe kushtet e paq\u00ebndrueshme t\u00eb motit.<\/p>\n<p>K\u00ebt\u00eb jav\u00eb q\u00eb vjen vendi yn\u00eb pritet q\u00eb t\u00eb ndikohet nga kushte atmosferike t\u00eb paq\u00ebndrueshme\u00a0si pasoj\u00eb e t\u00ebrheqjes s\u00eb masave ajrore t\u00eb nxehta me origjin\u00eb nga veriu i Afrik\u00ebs dhe dep\u00ebrtimit t\u00eb masave ajrore t\u00eb fresk\u00ebta e t\u00eb lag\u00ebshta me origjin\u00eb nga veriu i Evrop\u00ebs.<\/p>\n<p>Sipas, Sh\u00ebrbimi Metereologjik Ushtarak, moti parashikohet me vran\u00ebsira mesatare e t\u00eb dendura si dhe kthjellime t\u00eb her\u00eb pas hershme. Vran\u00ebsirat priten t\u00eb shoq\u00ebrohen me reshje shiu me intensitet t\u00eb ul\u00ebt deri n\u00eb mesatar n\u00eb form\u00ebn e shtr\u00ebngatave afatshkurta shoq\u00ebruar hera- her\u00ebs me shkarkesa elektrike e lokalisht bresh\u00ebr.<\/p>\n<p>N\u00eb mesin e jav\u00ebs pritet nj\u00eb kthes\u00eb e motit ku me kalimin e zon\u00ebs me presion atmosferik t\u00eb ul\u00ebt vendin e saj e z\u00eb\u00a0zona me presion atmosferik t\u00eb lart\u00eb me origjin\u00eb nga Anticikloni Afrikan. P\u00ebrve\u00e7 stabilitetit atmosferik dhe or\u00ebve t\u00eb plota me diell, presim edhe nj\u00eb rritje graduale t\u00eb temperaturave.<\/p>\n<p>\t\t<i><\/i><ins data-dcm-landing-page-escapes=\"0\" data-dcm-click-tracker=\"https:\/\/track.adform.net\/C\/?bn=73199340;adfibeg=0;cdata=wY0ZHC8ypbQniOq3Sj8hschgQeJ3VY4zU1bO9ulaUP_iCMviXuI_n4RPYRHBxkqVPVtGasWBO2DsQ97SqeB3vafpodL8HlhSS5QNXFy9YSXxjmdMEY9WqD7eKsUQLet9dO-UMsCLM2opnkTpCdy6-w2;;CREFURL=https%3a%2f%2feuro-pixel.com%2ftest.php;C=1;cpdir=\" class=\"dcmads\" data-dcm-placement=\"N571601.4773204ALBANIANPOST.COM\/B32392692.399829096\" data-dcm-rendering-mode=\"iframe\" data-dcm-https-only=\"\" data-dcm-api-frameworks=\"[APIFRAMEWORKS]\" data-dcm-omid-partner=\"[OMIDPARTNER]\" data-dcm-gdpr-applies=\"gdpr=\" data-dcm-gdpr-consent=\"gdpr_consent=\" data-dcm-addtl-consent=\"addtl_consent=${ADDTL_CONSENT}\" data-dcm-ltd=\"false\" data-dcm-resettable-device-id=\"\" data-dcm-app-id=\"\" data-dcm-processed=\"y\"><\/p>\n<p>\t\t<\/ins><\/p>\n<p>Era pritet t\u00eb jet\u00eb me drejtim kryesor juglindje \u2013 veriper\u00ebndim me shpejt\u00ebsi deri n\u00eb 8m\/sek, nd\u00ebrsa p\u00ebrgjat\u00eb vij\u00ebs bregdetare, lugina e male kryesisht dit\u00ebn e h\u00ebn\u00eb n\u00eb mesdit\u00eb era fiton shpejt\u00ebsi 12-16m\/sek duke b\u00ebr\u00eb q\u00eb val\u00ebzimi n\u00eb detet t\u00eb jet\u00eb i forc\u00ebs 1-3 ball\u00eb.<\/p>\n<p>The post <a rel=\"nofollow\" href=\"https:\/\/albanianpost.com\/largohet-i-nxehti-afrikan-rikthehen-vranesirat-ne-te-gjithe-vendin\/\">Largohet i nxehti afrikan, rikthehen vran\u00ebsirat n\u00eb t\u00eb gjith\u00eb vendin<\/a> appeared first on <a rel=\"nofollow\" href=\"https:\/\/albanianpost.com\/\">Albanian Post<\/a>.<\/p>\n","protected":false},"excerpt":{"rendered":"<p>Pas dit\u00ebve t\u00eb nxehta me temperatura t\u00eb larta, vendi yn\u00eb \u00ebsht\u00eb p\u00ebrfshir\u00eb k\u00ebt\u00eb t\u00eb diel nga vran\u00ebsirat dhe kushtet e paq\u00ebndrueshme t\u00eb motit. K\u00ebt\u00eb jav\u00eb q\u00eb vjen vendi yn\u00eb pritet q\u00eb t\u00eb ndikohet nga kushte atmosferike t\u00eb paq\u00ebndrueshme\u00a0si pasoj\u00eb e t\u00ebrheqjes s\u00eb masave ajrore t\u00eb nxehta me origjin\u00eb nga veriu i Afrik\u00ebs dhe dep\u00ebrtimit t\u00eb [&hellip;]<\/p>\n","protected":false},"author":1,"featured_media":8073,"comment_status":"open","ping_status":"open","sticky":false,"template":"","format":"standard","meta":{"footnotes":""},"categories":[1],"tags":[],"class_list":["post-8072","post","type-post","status-publish","format-standard","has-post-thumbnail","hentry","category-uncategorized"],"_links":{"self":[{"href":"https:\/\/radiogjilani.com\/index.php\/wp-json\/wp\/v2\/posts\/8072","targetHints":{"allow":["GET"]}}],"collection":[{"href":"https:\/\/radiogjilani.com\/index.php\/wp-json\/wp\/v2\/posts"}],"about":[{"href":"https:\/\/radiogjilani.com\/index.php\/wp-json\/wp\/v2\/types\/post"}],"author":[{"embeddable":true,"href":"https:\/\/radiogjilani.com\/index.php\/wp-json\/wp\/v2\/users\/1"}],"replies":[{"embeddable":true,"href":"https:\/\/radiogjilani.com\/index.php\/wp-json\/wp\/v2\/comments?post=8072"}],"version-history":[{"count":0,"href":"https:\/\/radiogjilani.com\/index.php\/wp-json\/wp\/v2\/posts\/8072\/revisions"}],"wp:featuredmedia":[{"embeddable":true,"href":"https:\/\/radiogjilani.com\/index.php\/wp-json\/wp\/v2\/media\/8073"}],"wp:attachment":[{"href":"https:\/\/radiogjilani.com\/index.php\/wp-json\/wp\/v2\/media?parent=8072"}],"wp:term":[{"taxonomy":"category","embeddable":true,"href":"https:\/\/radiogjilani.com\/index.php\/wp-json\/wp\/v2\/categories?post=8072"},{"taxonomy":"post_tag","embeddable":true,"href":"https:\/\/radiogjilani.com\/index.php\/wp-json\/wp\/v2\/tags?post=8072"}],"curies":[{"name":"wp","href":"https:\/\/api.w.org\/{rel}","templated":true}]}}