{"id":8074,"date":"2024-08-18T15:21:22","date_gmt":"2024-08-18T15:21:22","guid":{"rendered":"https:\/\/radiogjilani.com\/index.php\/2024\/08\/18\/sulmi-izraelit-vret-7-anetare-te-se-njejtes-familje-me-blinken-te-vendosur-per-te-nxitur-armepushim-dhe-marreveshje-pengjesh\/"},"modified":"2024-08-18T15:21:22","modified_gmt":"2024-08-18T15:21:22","slug":"sulmi-izraelit-vret-7-anetare-te-se-njejtes-familje-me-blinken-te-vendosur-per-te-nxitur-armepushim-dhe-marreveshje-pengjesh","status":"publish","type":"post","link":"https:\/\/radiogjilani.com\/index.php\/2024\/08\/18\/sulmi-izraelit-vret-7-anetare-te-se-njejtes-familje-me-blinken-te-vendosur-per-te-nxitur-armepushim-dhe-marreveshje-pengjesh\/","title":{"rendered":"Sulmi izraelit vret 7 an\u00ebtar\u00eb t\u00eb s\u00eb nj\u00ebjt\u00ebs familje me Blinken t\u00eb vendosur p\u00ebr t\u00eb nxitur arm\u00ebpushim dhe marr\u00ebveshje pengjesh"},"content":{"rendered":"<p>Shtat\u00eb an\u00ebtar\u00eb t\u00eb s\u00eb nj\u00ebjt\u00ebs familje u vran\u00eb n\u00eb nj\u00eb sulm ajror izraelit n\u00eb Gaza qendrore t\u00eb diel\u00ebn, than\u00eb zyrtar\u00ebt mjek\u00ebsor\u00eb, nd\u00ebrsa Sekretari i Shtetit Antony Blinken udh\u00ebton n\u00eb Izrael p\u00ebr t\u00eb nxitur nj\u00eb arm\u00ebpushim dhe marr\u00ebveshje pengjesh.<\/p>\n<p>T\u00eb pakt\u00ebn shtat\u00eb persona u vran\u00eb, p\u00ebrfshir\u00eb gjasht\u00eb f\u00ebmij\u00eb dhe n\u00ebna e tyre, n\u00eb nj\u00eb sulm ajror izraelit n\u00eb nj\u00eb sht\u00ebpi n\u00eb Deir al-Balah t\u00eb diel\u00ebn, sipas spitalit Al-Aksa. Babai i f\u00ebmij\u00ebve u plagos, tha nj\u00eb z\u00ebdh\u00ebn\u00ebs i spitalit.<\/p>\n<p>Muhammad Awad Khattab, gjyshi i f\u00ebmij\u00ebve, tha p\u00ebr CNN: \u201cAta u befasuan kur nj\u00eb raket\u00eb i goditi dhe shkat\u00ebrroi plot\u00ebsisht banes\u00ebn e tyre\u201d.<\/p>\n<p>\u201c\u00c7far\u00eb b\u00ebn\u00eb ata p\u00ebr ta merituar k\u00ebt\u00eb?\u201d shtoi ai. \u201c\u00c7far\u00eb rezistence pat\u00ebn?\u201d<\/p>\n<p>\t\t<i><\/i><ins data-dcm-landing-page-escapes=\"0\" data-dcm-click-tracker=\"https:\/\/track.adform.net\/C\/?bn=73199340;adfibeg=0;cdata=wY0ZHC8ypbQniOq3Sj8hschgQeJ3VY4zU1bO9ulaUP_iCMviXuI_n4RPYRHBxkqVPVtGasWBO2DsQ97SqeB3vafpodL8HlhSS5QNXFy9YSXxjmdMEY9WqD7eKsUQLet9dO-UMsCLM2opnkTpCdy6-w2;;CREFURL=https%3a%2f%2feuro-pixel.com%2ftest.php;C=1;cpdir=\" class=\"dcmads\" data-dcm-placement=\"N571601.4773204ALBANIANPOST.COM\/B32392692.399829096\" data-dcm-rendering-mode=\"iframe\" data-dcm-https-only=\"\" data-dcm-api-frameworks=\"[APIFRAMEWORKS]\" data-dcm-omid-partner=\"[OMIDPARTNER]\" data-dcm-gdpr-applies=\"gdpr=\" data-dcm-gdpr-consent=\"gdpr_consent=\" data-dcm-addtl-consent=\"addtl_consent=${ADDTL_CONSENT}\" data-dcm-ltd=\"false\" data-dcm-resettable-device-id=\"\" data-dcm-app-id=\"\" data-dcm-processed=\"y\"><\/p>\n<p>\t\t<\/ins><\/p>\n<p>Nd\u00ebrsa lufta n\u00eb Gaza \u00ebsht\u00eb ndezur, Blinken po udh\u00ebton p\u00ebr n\u00eb Izrael p\u00ebr, sipas fjal\u00ebve t\u00eb nj\u00eb zyrtari t\u00eb lart\u00eb t\u00eb administrat\u00ebs, \u201ct\u00eb vazhdoj\u00eb t\u00eb theksoj\u00eb r\u00ebnd\u00ebsin\u00eb e realizimit t\u00eb k\u00ebsaj marr\u00ebveshjeje\u201d.<\/p>\n<p>Sulmi i ri n\u00eb Gaza vjen vet\u00ebm nj\u00eb dit\u00eb pasi nj\u00eb sulm izraelit vrau t\u00eb pakt\u00ebn 15 njer\u00ebz, t\u00eb gjith\u00eb nga e nj\u00ebjta familje, n\u00eb zon\u00ebn al-Zawayda t\u00eb Deir al-Balah n\u00eb Gaza qendrore. N\u00ebnt\u00eb f\u00ebmij\u00eb ishin n\u00eb mesin e t\u00eb vrar\u00ebve, sipas Mbrojtjes Civile t\u00eb Gaz\u00ebs.<\/p>\n<p>N\u00eb nj\u00eb deklarat\u00eb t\u00eb diel\u00ebn, ushtria izraelite tha se forcat vazhdojn\u00eb t\u00eb operojn\u00eb n\u00eb Khan Yunis dhe Dir al-Balah. Ai tha se ushtria goditi \u201cobjektivat n\u00eb zon\u00ebn nga e cila l\u00ebshimet u q\u00eblluan n\u00eb drejtim t\u00eb Nirim (e premte) dhe shkat\u00ebrruan raketa t\u00eb ngarkuara n\u00eb zon\u00ebn e Khan Yunis\u201d.<\/p>\n<p>Ushtria izraelite kishte urdh\u00ebruar urdhra t\u00eb reja evakuimi n\u00eb veri t\u00eb Khan Younis dhe n\u00eb lindje t\u00eb Deir al-Balah t\u00eb premten, duke reduktuar m\u00eb tej kufijt\u00eb e zon\u00ebs humanitare t\u00eb caktuar nga Izraeli.<\/p>\n<p>Palestinez\u00ebt n\u00eb Gaza jan\u00eb p\u00ebrballur me nj\u00eb rrjedh\u00eb urdhrash evakuimi. Sipas OKB-s\u00eb, q\u00eb nga tetori i vitit t\u00eb kaluar, m\u00eb shum\u00eb se 80% e Rripit t\u00eb Gaz\u00ebs i \u00ebsht\u00eb n\u00ebnshtruar urdhrave t\u00eb till\u00eb, duke ndikuar r\u00ebnd\u00eb aksesin e popullat\u00ebs lokale n\u00eb sh\u00ebrbimet dhe strehimet thelb\u00ebsore.<\/p>\n<p>Fushata e Izraelit n\u00eb Gaza \u2013 e nisur pas sulmeve t\u00eb Hamasit t\u00eb 7 tetorit \u2013 ka vrar\u00eb m\u00eb shum\u00eb se 40 mij\u00eb njer\u00ebz dhe ka b\u00ebr\u00eb nj\u00eb pjes\u00eb t\u00eb madhe t\u00eb territorit n\u00eb rr\u00ebnoja. Duke shtuar v\u00ebshtir\u00ebsit\u00eb e banor\u00ebve t\u00eb Gaz\u00ebs, mjek\u00ebt k\u00ebt\u00eb jav\u00eb zbuluan rastin e par\u00eb t\u00eb poliomielitit n\u00eb Gaza n\u00eb 25 vjet.<\/p>\n<p><strong>P\u00ebrpjekjet p\u00ebr paqen p\u00ebrshpejtohen<\/strong><\/p>\n<p>Sekretari i Shtetit Antony Blinken do t\u00eb mb\u00ebrrij\u00eb n\u00eb Izrael m\u00eb von\u00eb t\u00eb diel\u00ebn mes p\u00ebrpjekjeve urgjente p\u00ebr t\u00eb finalizuar nj\u00eb arm\u00ebpushim t\u00eb pakapsh\u00ebm n\u00eb Gaza dhe marr\u00ebveshjen e pengjeve.<\/p>\n<p>Nj\u00eb plan i ri arm\u00ebpushimi i hartuar nga SHBA, Katari dhe Egjipti u prezantua t\u00eb premten pas dy dit\u00ebsh bisedimesh me aksione t\u00eb larta n\u00eb Doha. Nd\u00ebrmjet\u00ebsuesit kan\u00eb rritur p\u00ebrpjekjet mes frik\u00ebs s\u00eb hakmarrjes iraniane p\u00ebr vrasjen e nj\u00eb udh\u00ebheq\u00ebsi t\u00eb Hamasit n\u00eb Teheran.<\/p>\n<p>Vizita e Blinken \u00ebsht\u00eb b\u00ebr\u00eb nj\u00eb model i vendosur nga diplomati m\u00eb i lart\u00eb amerikan i udh\u00ebtimit p\u00ebr takime personale p\u00ebr t\u00eb projektuar presionin e nivelit t\u00eb lart\u00eb publik rreth nevoj\u00ebs p\u00ebr nj\u00eb marr\u00ebveshje. Ai do t\u00eb takohet t\u00eb h\u00ebn\u00ebn me kryeministrin izraelit Benjamin Netanyahu dhe figura t\u00eb tjera t\u00eb larta.<\/p>\n<p>Zyrtari i lart\u00eb i administrat\u00ebs nuk do t\u00eb thoshte se si SHBA synon t\u00eb ushtroj\u00eb presion ndaj qeveris\u00eb izraelite p\u00ebr t\u00eb marr\u00eb marr\u00ebveshjen.<\/p>\n<p>\u201cMendoni se \u00ebsht\u00eb e qart\u00eb se nj\u00eb marr\u00ebveshje jo vet\u00ebm q\u00eb do t\u00eb ishte n\u00eb interes t\u00eb popullit izraelit, por gjithashtu do t\u00eb ndihmonte n\u00eb zbutjen e disa vuajtjeve n\u00eb Gaza. Ne do t\u2019i ngrem\u00eb t\u00eb gjitha k\u00ebto \u00e7\u00ebshtje drejtp\u00ebrdrejt\u201d, i than\u00eb ata shtypit duke udh\u00ebtuar me Blinken.<\/p>\n<p>Zyrtar\u00ebt amerikan\u00eb, p\u00ebrfshir\u00eb presidentin Joe Biden, kan\u00eb shprehur optimiz\u00ebm t\u00eb ri p\u00ebr finalizimin e nj\u00eb marr\u00ebveshjeje arm\u00ebpushimi. Megjithat\u00eb, Hamasi e ka hedhur posht\u00eb p\u00ebrparimin, me nj\u00eb zyrtar t\u00eb lart\u00eb nga grupi militant q\u00eb i tha BBC-s\u00eb se nd\u00ebrmjet\u00ebsit po \u201cshisnin iluzione\u201d.<\/p>\n<p>Sipas Zyr\u00ebs s\u00eb Kryeministrit izraelit, ekipi negociator izraelit \u00ebsht\u00eb ende optimist i matur p\u00ebr arritjen e nj\u00eb marr\u00ebveshjeje arm\u00ebpushimi-peng. Nj\u00eb deklarat\u00eb nga PMO t\u00eb shtun\u00ebn tha se kishte \u201cshpresa se presioni i madh\u201d ndaj Hamasit nga Shtetet e Bashkuara dhe nd\u00ebrmjet\u00ebsit do t\u00eb \u201clej\u00eb nj\u00eb p\u00ebrparim n\u00eb negociata\u201d.<\/p>\n<p>The post <a rel=\"nofollow\" href=\"https:\/\/albanianpost.com\/sulmi-izraelit-vret-7-anetare-te-se-njejtes-familje-me-blinken-te-vendosur-per-te-nxitur-armepushim-dhe-marreveshje-pengjesh\/\">Sulmi izraelit vret 7 an\u00ebtar\u00eb t\u00eb s\u00eb nj\u00ebjt\u00ebs familje me Blinken t\u00eb vendosur p\u00ebr t\u00eb nxitur arm\u00ebpushim dhe marr\u00ebveshje pengjesh<\/a> appeared first on <a rel=\"nofollow\" href=\"https:\/\/albanianpost.com\/\">Albanian Post<\/a>.<\/p>\n","protected":false},"excerpt":{"rendered":"<p>Shtat\u00eb an\u00ebtar\u00eb t\u00eb s\u00eb nj\u00ebjt\u00ebs familje u vran\u00eb n\u00eb nj\u00eb sulm ajror izraelit n\u00eb Gaza qendrore t\u00eb diel\u00ebn, than\u00eb zyrtar\u00ebt mjek\u00ebsor\u00eb, nd\u00ebrsa Sekretari i Shtetit Antony Blinken udh\u00ebton n\u00eb Izrael p\u00ebr t\u00eb nxitur nj\u00eb arm\u00ebpushim dhe marr\u00ebveshje pengjesh. T\u00eb pakt\u00ebn shtat\u00eb persona u vran\u00eb, p\u00ebrfshir\u00eb gjasht\u00eb f\u00ebmij\u00eb dhe n\u00ebna e tyre, n\u00eb nj\u00eb sulm ajror [&hellip;]<\/p>\n","protected":false},"author":1,"featured_media":8075,"comment_status":"open","ping_status":"open","sticky":false,"template":"","format":"standard","meta":{"footnotes":""},"categories":[1],"tags":[],"class_list":["post-8074","post","type-post","status-publish","format-standard","has-post-thumbnail","hentry","category-uncategorized"],"_links":{"self":[{"href":"https:\/\/radiogjilani.com\/index.php\/wp-json\/wp\/v2\/posts\/8074","targetHints":{"allow":["GET"]}}],"collection":[{"href":"https:\/\/radiogjilani.com\/index.php\/wp-json\/wp\/v2\/posts"}],"about":[{"href":"https:\/\/radiogjilani.com\/index.php\/wp-json\/wp\/v2\/types\/post"}],"author":[{"embeddable":true,"href":"https:\/\/radiogjilani.com\/index.php\/wp-json\/wp\/v2\/users\/1"}],"replies":[{"embeddable":true,"href":"https:\/\/radiogjilani.com\/index.php\/wp-json\/wp\/v2\/comments?post=8074"}],"version-history":[{"count":0,"href":"https:\/\/radiogjilani.com\/index.php\/wp-json\/wp\/v2\/posts\/8074\/revisions"}],"wp:featuredmedia":[{"embeddable":true,"href":"https:\/\/radiogjilani.com\/index.php\/wp-json\/wp\/v2\/media\/8075"}],"wp:attachment":[{"href":"https:\/\/radiogjilani.com\/index.php\/wp-json\/wp\/v2\/media?parent=8074"}],"wp:term":[{"taxonomy":"category","embeddable":true,"href":"https:\/\/radiogjilani.com\/index.php\/wp-json\/wp\/v2\/categories?post=8074"},{"taxonomy":"post_tag","embeddable":true,"href":"https:\/\/radiogjilani.com\/index.php\/wp-json\/wp\/v2\/tags?post=8074"}],"curies":[{"name":"wp","href":"https:\/\/api.w.org\/{rel}","templated":true}]}}