{"id":8092,"date":"2024-08-19T16:25:03","date_gmt":"2024-08-19T16:25:03","guid":{"rendered":"https:\/\/radiogjilani.com\/index.php\/2024\/08\/19\/bislimi-mirepriti-shefen-e-zyres-se-unicef-it-ne-kosove-biseduan-mbi-potencialin-zhvillimor-te-vendit\/"},"modified":"2024-08-19T16:25:03","modified_gmt":"2024-08-19T16:25:03","slug":"bislimi-mirepriti-shefen-e-zyres-se-unicef-it-ne-kosove-biseduan-mbi-potencialin-zhvillimor-te-vendit","status":"publish","type":"post","link":"https:\/\/radiogjilani.com\/index.php\/2024\/08\/19\/bislimi-mirepriti-shefen-e-zyres-se-unicef-it-ne-kosove-biseduan-mbi-potencialin-zhvillimor-te-vendit\/","title":{"rendered":"Bislimi mir\u00ebpriti shefen e zyr\u00ebs s\u00eb UNICEF-it n\u00eb Kosov\u00eb, biseduan mbi potencialin zhvillimor t\u00eb vendit"},"content":{"rendered":"<p>Z\u00ebvend\u00ebskryeministri i par\u00eb p\u00ebr Integrim Evropian, Zhvillim dhe Dialog i Republik\u00ebs s\u00eb Kosov\u00ebs, Besnik Bislimi, mir\u00ebpriti n\u00eb takim shefen e re t\u00eb zyr\u00ebs s\u00eb UNICEF-it n\u00eb Kosov\u00eb, Veronika Vashchenko. Bislimi i uroi suksese e mir\u00ebseardhje n\u00eb Kosov\u00eb Vashchenko, duke shprehur dhe gatishm\u00ebrin\u00eb e vullnetin p\u00ebr bashk\u00ebpunim sa m\u00eb produktiv dhe efektiv. Pal\u00ebt biseduan mbi potencialin zhvillimor t\u00eb Kosov\u00ebs&#8230;<\/p>\n<p><a href=\"https:\/\/ekonomiaonline.com\/bislimi-mirepriti-shefen-e-zyres-se-unicef-it-ne-kosove-biseduan-mbi-potencialin-zhvillimor-te-vendit\/\" rel=\"nofollow\">Source<\/a><\/p>\n","protected":false},"excerpt":{"rendered":"<p>Z\u00ebvend\u00ebskryeministri i par\u00eb p\u00ebr Integrim Evropian, Zhvillim dhe Dialog i Republik\u00ebs s\u00eb Kosov\u00ebs, Besnik Bislimi, mir\u00ebpriti n\u00eb takim shefen e re t\u00eb zyr\u00ebs s\u00eb UNICEF-it n\u00eb Kosov\u00eb, Veronika Vashchenko. Bislimi i uroi suksese e mir\u00ebseardhje n\u00eb Kosov\u00eb Vashchenko, duke shprehur dhe gatishm\u00ebrin\u00eb e vullnetin p\u00ebr bashk\u00ebpunim sa m\u00eb produktiv dhe efektiv. Pal\u00ebt biseduan mbi potencialin [&hellip;]<\/p>\n","protected":false},"author":1,"featured_media":8093,"comment_status":"open","ping_status":"open","sticky":false,"template":"","format":"standard","meta":{"footnotes":""},"categories":[19],"tags":[],"class_list":["post-8092","post","type-post","status-publish","format-standard","has-post-thumbnail","hentry","category-eko"],"_links":{"self":[{"href":"https:\/\/radiogjilani.com\/index.php\/wp-json\/wp\/v2\/posts\/8092","targetHints":{"allow":["GET"]}}],"collection":[{"href":"https:\/\/radiogjilani.com\/index.php\/wp-json\/wp\/v2\/posts"}],"about":[{"href":"https:\/\/radiogjilani.com\/index.php\/wp-json\/wp\/v2\/types\/post"}],"author":[{"embeddable":true,"href":"https:\/\/radiogjilani.com\/index.php\/wp-json\/wp\/v2\/users\/1"}],"replies":[{"embeddable":true,"href":"https:\/\/radiogjilani.com\/index.php\/wp-json\/wp\/v2\/comments?post=8092"}],"version-history":[{"count":0,"href":"https:\/\/radiogjilani.com\/index.php\/wp-json\/wp\/v2\/posts\/8092\/revisions"}],"wp:featuredmedia":[{"embeddable":true,"href":"https:\/\/radiogjilani.com\/index.php\/wp-json\/wp\/v2\/media\/8093"}],"wp:attachment":[{"href":"https:\/\/radiogjilani.com\/index.php\/wp-json\/wp\/v2\/media?parent=8092"}],"wp:term":[{"taxonomy":"category","embeddable":true,"href":"https:\/\/radiogjilani.com\/index.php\/wp-json\/wp\/v2\/categories?post=8092"},{"taxonomy":"post_tag","embeddable":true,"href":"https:\/\/radiogjilani.com\/index.php\/wp-json\/wp\/v2\/tags?post=8092"}],"curies":[{"name":"wp","href":"https:\/\/api.w.org\/{rel}","templated":true}]}}