{"id":8106,"date":"2024-08-19T16:25:51","date_gmt":"2024-08-19T16:25:51","guid":{"rendered":"https:\/\/radiogjilani.com\/index.php\/2024\/08\/19\/ndihmes-sekretari-i-pergjithshem-i-nato-s-diskuton-me-komandantin-e-kfor-it-per-situaten-e-sigurise-ne-kosove\/"},"modified":"2024-08-19T16:25:51","modified_gmt":"2024-08-19T16:25:51","slug":"ndihmes-sekretari-i-pergjithshem-i-nato-s-diskuton-me-komandantin-e-kfor-it-per-situaten-e-sigurise-ne-kosove","status":"publish","type":"post","link":"https:\/\/radiogjilani.com\/index.php\/2024\/08\/19\/ndihmes-sekretari-i-pergjithshem-i-nato-s-diskuton-me-komandantin-e-kfor-it-per-situaten-e-sigurise-ne-kosove\/","title":{"rendered":"Ndihm\u00ebs Sekretari i P\u00ebrgjithsh\u00ebm i NATO-s diskuton me komandantin e KFOR-it p\u00ebr situat\u00ebn e siguris\u00eb n\u00eb Kosov\u00eb"},"content":{"rendered":"<p>Komandanti i Forc\u00ebs s\u00eb NATO-s n\u00eb Kosov\u00eb (KFOR), Ozkan Utulash, ka takuar Ndihm\u00ebs Sekretarin e P\u00ebrgjithsh\u00ebm t\u00eb NATO-s p\u00ebr Politik\u00eb t\u00eb Jashtme dhe Siguri, Boris Ruge, nd\u00ebrsa n\u00eb fokus t\u00eb diskutimeve ka qen\u00eb situata e p\u00ebrgjithshme siguris\u00eb n\u00eb vend dhe dialogu p\u00ebr normalizimin e raporteve Kosov\u00eb-Serbi n\u00ebn nd\u00ebrmjet\u00ebsimin e Bashkimti Evorpian (BE).<\/p>\n<p>\u201cAta shk\u00ebmbyen pik\u00ebpamje mbi nj\u00eb s\u00ebr\u00eb temash, duke p\u00ebrfshir\u00eb trendet m\u00eb t\u00eb fundit t\u00eb siguris\u00eb, aktivitetet e KFOR-it dhe mb\u00ebshtetjen p\u00ebr dialogun e nd\u00ebrmjet\u00ebsuar nga BE midis Beogradit dhe Prishtin\u00ebs\u201d, ka njoftuar t\u00eb h\u00ebn\u00ebn n\u00ebp\u00ebrmjet nj\u00eb komunikate p\u00ebr shtyp misioni paqeruajt\u00ebs i KFOR-it.<\/p>\n<p>Ndryshe, takimi nd\u00ebrmjet zyrtarit t\u00eb lart\u00eb t\u00eb NATO-s dhe komandantit turk t\u00eb KFOR-it ka ardhur n\u00eb koh\u00ebn kur autoritetet kosovare kan\u00eb nd\u00ebrmarr\u00eb disa veprime n\u00eb pjes\u00ebn veriore t\u00eb Kosov\u00ebs t\u00eb banuar me shumic\u00eb serbe, p\u00ebrfshir\u00eb edhe inciativ\u00ebn p\u00ebr hapjen e ur\u00ebs kryesore mbi lumin Ib\u00ebr n\u00eb Mitrovic\u00eb.<\/p>\n<p>KFOR-i ka paralajm\u00ebruar jav\u00ebn e kaluar se \u00ebsht\u00eb i gatsh\u00ebm t\u2019i nd\u00ebrmarr\u00eb \u201ct\u00eb gjitha masat e nevojshme\u201d p\u00ebr t\u2019i luftuar zhvillimet t\u00eb cilat mund t\u00eb cenojn\u00eb sigurin\u00eb dhe stabilitetin rajonal, pas zhvillimeve t\u00eb fundit n\u00eb veriun e trazuar t\u00eb Kosov\u00ebs t\u00eb banuar kryesisht me serb\u00eb etnik\u00eb, dhe n\u00eb p\u00ebrputhje me mandatin e K\u00ebshillit t\u00eb Sigurimit t\u00eb Kombeve t\u00eb Bashkuara (OKB).<\/p>\n<p>\t\t<i><\/i><ins data-dcm-landing-page-escapes=\"0\" data-dcm-click-tracker=\"https:\/\/track.adform.net\/C\/?bn=73199340;adfibeg=0;cdata=wY0ZHC8ypbQniOq3Sj8hschgQeJ3VY4zU1bO9ulaUP_iCMviXuI_n4RPYRHBxkqVPVtGasWBO2DsQ97SqeB3vafpodL8HlhSS5QNXFy9YSXxjmdMEY9WqD7eKsUQLet9dO-UMsCLM2opnkTpCdy6-w2;;CREFURL=https%3a%2f%2feuro-pixel.com%2ftest.php;C=1;cpdir=\" class=\"dcmads\" data-dcm-placement=\"N571601.4773204ALBANIANPOST.COM\/B32392692.399829096\" data-dcm-rendering-mode=\"iframe\" data-dcm-https-only=\"\" data-dcm-api-frameworks=\"[APIFRAMEWORKS]\" data-dcm-omid-partner=\"[OMIDPARTNER]\" data-dcm-gdpr-applies=\"gdpr=\" data-dcm-gdpr-consent=\"gdpr_consent=\" data-dcm-addtl-consent=\"addtl_consent=${ADDTL_CONSENT}\" data-dcm-ltd=\"false\" data-dcm-resettable-device-id=\"\" data-dcm-app-id=\"\" data-dcm-processed=\"y\"><\/p>\n<p>\t\t<\/ins><\/p>\n<p>\u201cNe kemi nj\u00eb prani t\u00eb dukshme dhe fleksibile n\u00eb t\u00eb gjith\u00eb Kosov\u00ebn dhe komandanti i KFOR-it ka autoritetin ta rregulloj\u00eb sipas nevoj\u00ebs dhe nuk do t\u00eb hezitoj\u00eb t\u00eb veproj\u00eb n\u00eb p\u00ebrgjigje t\u00eb \u00e7do zhvillimi t\u00eb r\u00ebnd\u00ebsish\u00ebm t\u00eb siguris\u00eb dhe n\u00eb p\u00ebrputhje me mandatin ton\u00eb t\u00eb OKB-s\u00eb\u201d, ka deklaruar misioni.<\/p>\n<p>Zyrtar\u00eb t\u00eb Shteteve t\u00eb Bashkuara (SHBA), p\u00ebrfshir\u00eb ambasadorin amerikan n\u00eb Prishtin\u00eb, Jeff Hovenier, kan\u00eb alarmuar s\u00eb fundi p\u00ebr rrezikun sa i p\u00ebrket hapjes s\u00eb ur\u00ebs mbi lumin Ib\u00ebr, q\u00eb mund t\u00eb ndikoj\u00eb seriozisht n\u00eb sigurin\u00eb e ushtar\u00ebve amerikan\u00eb n\u00eb kuad\u00ebr t\u00eb misionit paqeruajt\u00ebs t\u00eb NATO-s.<\/p>\n<blockquote class=\"wp-embedded-content\" data-secret=\"IRVtfRfaML\">\n<p><a href=\"https:\/\/albanianpost.com\/shba-ja-sheh-kercenim-per-ushtaret-amerikane-ne-kosove-cka-paralajmeroi-inteligjenca-per-ballkanin-perendimor\/\">SHBA-ja sheh k\u00ebrc\u00ebnim p\u00ebr ushtar\u00ebt amerikan\u00eb n\u00eb Kosov\u00eb: \u00c7ka paralajm\u00ebroi inteligjenca p\u00ebr Ballkanin Per\u00ebndimor?<\/a><\/p>\n<\/blockquote>\n<p>The post <a rel=\"nofollow\" href=\"https:\/\/albanianpost.com\/ndihmes-sekretari-i-pergjithshem-i-nato-s-diskuton-me-komandantin-e-kfor-it-per-situaten-e-sigurise-ne-kosove\/\">Ndihm\u00ebs Sekretari i P\u00ebrgjithsh\u00ebm i NATO-s diskuton me komandantin e KFOR-it p\u00ebr situat\u00ebn e siguris\u00eb n\u00eb Kosov\u00eb<\/a> appeared first on <a rel=\"nofollow\" href=\"https:\/\/albanianpost.com\/\">Albanian Post<\/a>.<\/p>\n","protected":false},"excerpt":{"rendered":"<p>Komandanti i Forc\u00ebs s\u00eb NATO-s n\u00eb Kosov\u00eb (KFOR), Ozkan Utulash, ka takuar Ndihm\u00ebs Sekretarin e P\u00ebrgjithsh\u00ebm t\u00eb NATO-s p\u00ebr Politik\u00eb t\u00eb Jashtme dhe Siguri, Boris Ruge, nd\u00ebrsa n\u00eb fokus t\u00eb diskutimeve ka qen\u00eb situata e p\u00ebrgjithshme siguris\u00eb n\u00eb vend dhe dialogu p\u00ebr normalizimin e raporteve Kosov\u00eb-Serbi n\u00ebn nd\u00ebrmjet\u00ebsimin e Bashkimti Evorpian (BE). \u201cAta shk\u00ebmbyen pik\u00ebpamje [&hellip;]<\/p>\n","protected":false},"author":1,"featured_media":8107,"comment_status":"open","ping_status":"open","sticky":false,"template":"","format":"standard","meta":{"footnotes":""},"categories":[1],"tags":[],"class_list":["post-8106","post","type-post","status-publish","format-standard","has-post-thumbnail","hentry","category-uncategorized"],"_links":{"self":[{"href":"https:\/\/radiogjilani.com\/index.php\/wp-json\/wp\/v2\/posts\/8106","targetHints":{"allow":["GET"]}}],"collection":[{"href":"https:\/\/radiogjilani.com\/index.php\/wp-json\/wp\/v2\/posts"}],"about":[{"href":"https:\/\/radiogjilani.com\/index.php\/wp-json\/wp\/v2\/types\/post"}],"author":[{"embeddable":true,"href":"https:\/\/radiogjilani.com\/index.php\/wp-json\/wp\/v2\/users\/1"}],"replies":[{"embeddable":true,"href":"https:\/\/radiogjilani.com\/index.php\/wp-json\/wp\/v2\/comments?post=8106"}],"version-history":[{"count":0,"href":"https:\/\/radiogjilani.com\/index.php\/wp-json\/wp\/v2\/posts\/8106\/revisions"}],"wp:featuredmedia":[{"embeddable":true,"href":"https:\/\/radiogjilani.com\/index.php\/wp-json\/wp\/v2\/media\/8107"}],"wp:attachment":[{"href":"https:\/\/radiogjilani.com\/index.php\/wp-json\/wp\/v2\/media?parent=8106"}],"wp:term":[{"taxonomy":"category","embeddable":true,"href":"https:\/\/radiogjilani.com\/index.php\/wp-json\/wp\/v2\/categories?post=8106"},{"taxonomy":"post_tag","embeddable":true,"href":"https:\/\/radiogjilani.com\/index.php\/wp-json\/wp\/v2\/tags?post=8106"}],"curies":[{"name":"wp","href":"https:\/\/api.w.org\/{rel}","templated":true}]}}