{"id":8108,"date":"2024-08-19T16:25:50","date_gmt":"2024-08-19T16:25:50","guid":{"rendered":"https:\/\/radiogjilani.com\/index.php\/2024\/08\/19\/haradinaj-premton-page-minimale-1000-euro-nese-fiton-zgjedhjet-e-9-shkurtit\/"},"modified":"2024-08-19T16:25:50","modified_gmt":"2024-08-19T16:25:50","slug":"haradinaj-premton-page-minimale-1000-euro-nese-fiton-zgjedhjet-e-9-shkurtit","status":"publish","type":"post","link":"https:\/\/radiogjilani.com\/index.php\/2024\/08\/19\/haradinaj-premton-page-minimale-1000-euro-nese-fiton-zgjedhjet-e-9-shkurtit\/","title":{"rendered":"Haradinaj premton pag\u00eb minimale 1000 euro n\u00ebse fiton zgjedhjet e 9 shkurtit"},"content":{"rendered":"<p>Kryetari i Aleanc\u00ebs p\u00ebr Ardhm\u00ebrin\u00eb e Kosov\u00ebs (AAK), Ramush Haradinaj, teksa ka akuzuar L\u00ebvizjen Vet\u00ebvendosje (LVV) p\u00ebr keqqeverisje n\u00eb kat\u00ebr vitet e fundit, n\u00eb nj\u00eb konferenc\u00eb p\u00ebr shtyp t\u00eb h\u00ebn\u00ebn, ka premtuar se n\u00ebse vjen n\u00eb pushtet koalicioni AAK \u2013 Nisma, pas zgjedhjeve parlamentare, paga minimale n\u00eb Kosov\u00eb do t\u00eb jet\u00eb 1000 euro deri n\u00eb fund t\u00eb mandatit qeveris\u00ebs.<\/p>\n<p>\u201cNe jemi bashkuar p\u00ebr t\u2019ia kthyer Kosov\u00ebs zhvillimin, p\u00ebr t\u2019i rritur pagat e pensionet dhe p\u00ebr t\u2019i ulur taksat. Ne dit\u00ebt e para t\u00eb qeverisjes, nuk do t\u00eb ket\u00eb pag\u00eb mesatare n\u00ebn 1000 euro, dhe nuk do t\u00eb ket\u00eb asnj\u00eb pag\u00eb n\u00ebn 500 euro. E deri n\u00eb fund t\u00eb mandatit, n\u00eb vitin 2028, paga minimale do t\u00eb jet\u00eb 1000 euro\u201d.<\/p>\n<p>Kosova vazhdon t\u00eb ket\u00eb probleme t\u00eb m\u00ebdha ekonomike, nd\u00ebrsa dhjet\u00ebra mij\u00ebra qytetar\u00eb, kryesisht t\u00eb rinj t\u00eb papun\u00eb e profesionist\u00eb t\u00eb d\u00ebshp\u00ebruar, jan\u00eb duke ia kthyer shpin\u00ebn vendit t\u00eb tyre p\u00ebr t\u00eb nisur jet\u00eb t\u00eb re n\u00eb per\u00ebndim. Ndryshe, paga minimale \u00ebsht\u00eb 264 euro, kurse mesatarja 780 euro.<\/p>\n<p>E zgjedhjet e rregullta parlamentare do t\u00eb mbahen m\u00eb 9 shkurt 2025. Duke qen\u00eb se Kosova do ta hap\u00eb sezonin zgjedhor s\u00eb shpejti \u2013 nj\u00eb koh\u00eb kur qytetar\u00ebt fillojn\u00eb t\u2019i kushtojn\u00eb shum\u00eb v\u00ebmendje fushat\u00ebs elektorale, nd\u00ebrsa partit\u00eb politike i kthehen rutin\u00ebs p\u00ebrgatitore p\u00ebr betej\u00ebn e radh\u00ebs \u2013 pritet t\u00eb vazhdoj\u00eb edhe \u201cping-pongu\u201d mes pushtetit e opozit\u00ebs p\u00ebr situat\u00ebn n\u00eb vend.<\/p>\n<p>\t\t<i><\/i><ins data-dcm-landing-page-escapes=\"0\" data-dcm-click-tracker=\"https:\/\/track.adform.net\/C\/?bn=73199340;adfibeg=0;cdata=wY0ZHC8ypbQniOq3Sj8hschgQeJ3VY4zU1bO9ulaUP_iCMviXuI_n4RPYRHBxkqVPVtGasWBO2DsQ97SqeB3vafpodL8HlhSS5QNXFy9YSXxjmdMEY9WqD7eKsUQLet9dO-UMsCLM2opnkTpCdy6-w2;;CREFURL=https%3a%2f%2feuro-pixel.com%2ftest.php;C=1;cpdir=\" class=\"dcmads\" data-dcm-placement=\"N571601.4773204ALBANIANPOST.COM\/B32392692.399829096\" data-dcm-rendering-mode=\"iframe\" data-dcm-https-only=\"\" data-dcm-api-frameworks=\"[APIFRAMEWORKS]\" data-dcm-omid-partner=\"[OMIDPARTNER]\" data-dcm-gdpr-applies=\"gdpr=\" data-dcm-gdpr-consent=\"gdpr_consent=\" data-dcm-addtl-consent=\"addtl_consent=${ADDTL_CONSENT}\" data-dcm-ltd=\"false\" data-dcm-resettable-device-id=\"\" data-dcm-app-id=\"\" data-dcm-processed=\"y\"><\/p>\n<p>\t\t<\/ins><\/p>\n<p>The post <a rel=\"nofollow\" href=\"https:\/\/albanianpost.com\/haradinaj-premton-page-minimale-1000-euro-nese-fiton-zgjedhjet-e-9-shkurtit\/\">Haradinaj premton pag\u00eb minimale 1000 euro n\u00ebse fiton zgjedhjet e 9 shkurtit<\/a> appeared first on <a rel=\"nofollow\" href=\"https:\/\/albanianpost.com\/\">Albanian Post<\/a>.<\/p>\n","protected":false},"excerpt":{"rendered":"<p>Kryetari i Aleanc\u00ebs p\u00ebr Ardhm\u00ebrin\u00eb e Kosov\u00ebs (AAK), Ramush Haradinaj, teksa ka akuzuar L\u00ebvizjen Vet\u00ebvendosje (LVV) p\u00ebr keqqeverisje n\u00eb kat\u00ebr vitet e fundit, n\u00eb nj\u00eb konferenc\u00eb p\u00ebr shtyp t\u00eb h\u00ebn\u00ebn, ka premtuar se n\u00ebse vjen n\u00eb pushtet koalicioni AAK \u2013 Nisma, pas zgjedhjeve parlamentare, paga minimale n\u00eb Kosov\u00eb do t\u00eb jet\u00eb 1000 euro deri n\u00eb [&hellip;]<\/p>\n","protected":false},"author":1,"featured_media":8109,"comment_status":"open","ping_status":"open","sticky":false,"template":"","format":"standard","meta":{"footnotes":""},"categories":[1],"tags":[],"class_list":["post-8108","post","type-post","status-publish","format-standard","has-post-thumbnail","hentry","category-uncategorized"],"_links":{"self":[{"href":"https:\/\/radiogjilani.com\/index.php\/wp-json\/wp\/v2\/posts\/8108","targetHints":{"allow":["GET"]}}],"collection":[{"href":"https:\/\/radiogjilani.com\/index.php\/wp-json\/wp\/v2\/posts"}],"about":[{"href":"https:\/\/radiogjilani.com\/index.php\/wp-json\/wp\/v2\/types\/post"}],"author":[{"embeddable":true,"href":"https:\/\/radiogjilani.com\/index.php\/wp-json\/wp\/v2\/users\/1"}],"replies":[{"embeddable":true,"href":"https:\/\/radiogjilani.com\/index.php\/wp-json\/wp\/v2\/comments?post=8108"}],"version-history":[{"count":0,"href":"https:\/\/radiogjilani.com\/index.php\/wp-json\/wp\/v2\/posts\/8108\/revisions"}],"wp:featuredmedia":[{"embeddable":true,"href":"https:\/\/radiogjilani.com\/index.php\/wp-json\/wp\/v2\/media\/8109"}],"wp:attachment":[{"href":"https:\/\/radiogjilani.com\/index.php\/wp-json\/wp\/v2\/media?parent=8108"}],"wp:term":[{"taxonomy":"category","embeddable":true,"href":"https:\/\/radiogjilani.com\/index.php\/wp-json\/wp\/v2\/categories?post=8108"},{"taxonomy":"post_tag","embeddable":true,"href":"https:\/\/radiogjilani.com\/index.php\/wp-json\/wp\/v2\/tags?post=8108"}],"curies":[{"name":"wp","href":"https:\/\/api.w.org\/{rel}","templated":true}]}}