{"id":8112,"date":"2024-08-19T16:25:48","date_gmt":"2024-08-19T16:25:48","guid":{"rendered":"https:\/\/radiogjilani.com\/index.php\/2024\/08\/19\/propozimi-qe-ambasadoret-te-sherbejne-me-afat-4-vjecar-nuk-do-te-qendrojne-jashte-vendit-mbi-dy-mandate\/"},"modified":"2024-08-19T16:25:48","modified_gmt":"2024-08-19T16:25:48","slug":"propozimi-qe-ambasadoret-te-sherbejne-me-afat-4-vjecar-nuk-do-te-qendrojne-jashte-vendit-mbi-dy-mandate","status":"publish","type":"post","link":"https:\/\/radiogjilani.com\/index.php\/2024\/08\/19\/propozimi-qe-ambasadoret-te-sherbejne-me-afat-4-vjecar-nuk-do-te-qendrojne-jashte-vendit-mbi-dy-mandate\/","title":{"rendered":"Propozimi q\u00eb ambasador\u00ebt t\u00eb sh\u00ebrbejn\u00eb me afat 4-vje\u00e7ar, nuk do t\u00eb q\u00ebndrojn\u00eb jasht\u00eb vendit mbi dy mandate"},"content":{"rendered":"<p>Mandati i diplomat\u00ebve t\u00eb em\u00ebruar n\u00eb misionet diplomatike apo posteve konsullore nga tre vite do te jete kat\u00ebr vje\u00e7ar.<\/p>\n<p>Po ashtu diplomat\u00ebt e em\u00ebruar nuk mund t\u00eb ushtrojn\u00eb m\u00eb shum\u00eb se dy mandate t\u00eb nj\u00ebpasnj\u00ebshme jasht\u00eb vendit.<\/p>\n<p>Ky \u00ebsht\u00eb vet\u00ebm nj\u00eb nga disa ndryshime q\u00eb Ministria e Pun\u00ebve t\u00eb Jashtme propozon p\u00ebr t\u2019i b\u00ebr\u00eb ligjit p\u00ebr sh\u00ebrbimin e jasht\u00ebm dhe dokumenti \u00ebsht\u00eb publikuar p\u00ebr konsultim publik.<\/p>\n<p>Prej vitit 2015 nuk ka me kuota p\u00ebr diplomat\u00ebt q\u00eb vijn\u00eb jasht\u00eb sistemit t\u00eb sh\u00ebrbimit te jasht\u00ebm, dhe n\u00eb ndryshimet q\u00eb propozohet nuk jan\u00eb t\u00eb parashikuara kuota t\u00eb tilla.<\/p>\n<p>\t\t<i><\/i><ins data-dcm-landing-page-escapes=\"0\" data-dcm-click-tracker=\"https:\/\/track.adform.net\/C\/?bn=73199340;adfibeg=0;cdata=wY0ZHC8ypbQniOq3Sj8hschgQeJ3VY4zU1bO9ulaUP_iCMviXuI_n4RPYRHBxkqVPVtGasWBO2DsQ97SqeB3vafpodL8HlhSS5QNXFy9YSXxjmdMEY9WqD7eKsUQLet9dO-UMsCLM2opnkTpCdy6-w2;;CREFURL=https%3a%2f%2feuro-pixel.com%2ftest.php;C=1;cpdir=\" class=\"dcmads\" data-dcm-placement=\"N571601.4773204ALBANIANPOST.COM\/B32392692.399829096\" data-dcm-rendering-mode=\"iframe\" data-dcm-https-only=\"\" data-dcm-api-frameworks=\"[APIFRAMEWORKS]\" data-dcm-omid-partner=\"[OMIDPARTNER]\" data-dcm-gdpr-applies=\"gdpr=\" data-dcm-gdpr-consent=\"gdpr_consent=\" data-dcm-addtl-consent=\"addtl_consent=${ADDTL_CONSENT}\" data-dcm-ltd=\"false\" data-dcm-resettable-device-id=\"\" data-dcm-app-id=\"\" data-dcm-processed=\"y\"><\/p>\n<p>\t\t<\/ins><\/p>\n<p>Edhe procedura q\u00eb ndiqet p\u00ebr em\u00ebrimin e ambasador\u00ebve ka ndryshuar.<\/p>\n<p>Dokumentin n\u00eb p\u00ebrfundim te faz\u00ebs se konsultimit do t\u00eb kaloj\u00eb n\u00eb qeveri p\u00ebr tu miratuar dhe me pas p\u00ebr t\u2019iu n\u00ebnshtruar shqyrtimit parlamentar parashikohen dhe ndryshime p\u00ebr sa i takon trajtimit financiar t\u00eb diplomat\u00ebve dhe familjar\u00ebve t\u00eb tyre.<\/p>\n<p>The post <a rel=\"nofollow\" href=\"https:\/\/albanianpost.com\/propozimi-qe-ambasadoret-te-sherbejne-me-afat-4-vjecar-nuk-do-te-qendrojne-jashte-vendit-mbi-dy-mandate\/\">Propozimi q\u00eb ambasador\u00ebt t\u00eb sh\u00ebrbejn\u00eb me afat 4-vje\u00e7ar, nuk do t\u00eb q\u00ebndrojn\u00eb jasht\u00eb vendit mbi dy mandate<\/a> appeared first on <a rel=\"nofollow\" href=\"https:\/\/albanianpost.com\/\">Albanian Post<\/a>.<\/p>\n","protected":false},"excerpt":{"rendered":"<p>Mandati i diplomat\u00ebve t\u00eb em\u00ebruar n\u00eb misionet diplomatike apo posteve konsullore nga tre vite do te jete kat\u00ebr vje\u00e7ar. Po ashtu diplomat\u00ebt e em\u00ebruar nuk mund t\u00eb ushtrojn\u00eb m\u00eb shum\u00eb se dy mandate t\u00eb nj\u00ebpasnj\u00ebshme jasht\u00eb vendit. Ky \u00ebsht\u00eb vet\u00ebm nj\u00eb nga disa ndryshime q\u00eb Ministria e Pun\u00ebve t\u00eb Jashtme propozon p\u00ebr t\u2019i b\u00ebr\u00eb ligjit [&hellip;]<\/p>\n","protected":false},"author":1,"featured_media":8113,"comment_status":"open","ping_status":"open","sticky":false,"template":"","format":"standard","meta":{"footnotes":""},"categories":[1],"tags":[],"class_list":["post-8112","post","type-post","status-publish","format-standard","has-post-thumbnail","hentry","category-uncategorized"],"_links":{"self":[{"href":"https:\/\/radiogjilani.com\/index.php\/wp-json\/wp\/v2\/posts\/8112","targetHints":{"allow":["GET"]}}],"collection":[{"href":"https:\/\/radiogjilani.com\/index.php\/wp-json\/wp\/v2\/posts"}],"about":[{"href":"https:\/\/radiogjilani.com\/index.php\/wp-json\/wp\/v2\/types\/post"}],"author":[{"embeddable":true,"href":"https:\/\/radiogjilani.com\/index.php\/wp-json\/wp\/v2\/users\/1"}],"replies":[{"embeddable":true,"href":"https:\/\/radiogjilani.com\/index.php\/wp-json\/wp\/v2\/comments?post=8112"}],"version-history":[{"count":0,"href":"https:\/\/radiogjilani.com\/index.php\/wp-json\/wp\/v2\/posts\/8112\/revisions"}],"wp:featuredmedia":[{"embeddable":true,"href":"https:\/\/radiogjilani.com\/index.php\/wp-json\/wp\/v2\/media\/8113"}],"wp:attachment":[{"href":"https:\/\/radiogjilani.com\/index.php\/wp-json\/wp\/v2\/media?parent=8112"}],"wp:term":[{"taxonomy":"category","embeddable":true,"href":"https:\/\/radiogjilani.com\/index.php\/wp-json\/wp\/v2\/categories?post=8112"},{"taxonomy":"post_tag","embeddable":true,"href":"https:\/\/radiogjilani.com\/index.php\/wp-json\/wp\/v2\/tags?post=8112"}],"curies":[{"name":"wp","href":"https:\/\/api.w.org\/{rel}","templated":true}]}}