{"id":8114,"date":"2024-08-19T16:25:47","date_gmt":"2024-08-19T16:25:47","guid":{"rendered":"https:\/\/radiogjilani.com\/index.php\/2024\/08\/19\/qeveria-injoron-rritjen-e-kostos-se-jeteses-sipas-tabakut\/"},"modified":"2024-08-19T16:25:47","modified_gmt":"2024-08-19T16:25:47","slug":"qeveria-injoron-rritjen-e-kostos-se-jeteses-sipas-tabakut","status":"publish","type":"post","link":"https:\/\/radiogjilani.com\/index.php\/2024\/08\/19\/qeveria-injoron-rritjen-e-kostos-se-jeteses-sipas-tabakut\/","title":{"rendered":"Qeveria injoron rritjen e kostos s\u00eb jetes\u00ebs, sipas Tabakut"},"content":{"rendered":"<p>Deputetja e Partis\u00eb Demokratike, Jorida Tabaku, \u00ebsht\u00eb shprehur se \u201cqeveria pritet t\u00eb rishoh\u00eb buxhetin e disa prej projekteve q\u00eb do t\u00eb investohen nga parat\u00eb e taksave\u201d, nd\u00ebrsa sipas saj, \u201cnuk njeh rritjen e kostove t\u00eb jetes\u00ebs s\u00eb qytetar\u00ebve\u201d.<\/p>\n<p>Sipas Tabakut, \u201cjan\u00eb tre rrug\u00eb q\u00eb do i rriten kostot me 260 milion\u00eb euro m\u00eb shum\u00eb se sa projeksioni i marsit 2024\u201d.<\/p>\n<p>\u201cRritja me 71% e kostove vet\u00ebm p\u00ebr k\u00ebto projekte justifikohet nga qeveria se jan\u00eb rritur kostot e materialeve dhe projektit n\u00eb t\u00ebr\u00ebsi. Po kostot e jet\u00ebs s\u00eb shqiptar\u00ebve jan\u00eb rritur? Qeveria socialiste mohon rritjen e \u00e7mimeve p\u00ebr produktet q\u00eb ju bleni \u00e7do dit\u00eb tek marketi apo tregu i vog\u00ebl n\u00eb lagjen tuaj. P\u00ebr qeverin\u00eb jan\u00eb rritur vet\u00ebm kostot e nd\u00ebrtimit t\u00eb rrug\u00ebve, por jo kostot q\u00eb ju shpenzoni p\u00ebr sht\u00ebpin\u00eb tuaj. P\u00ebr qeverin\u00eb jan\u00eb rritur kostot e rrug\u00ebve, por jo kostot e sh\u00ebrbimeve q\u00eb ju merrni \u00e7do dit\u00eb, t\u00eb ila\u00e7eve p\u00ebr prind\u00ebrit dhe gjysh\u00ebrit ato qeveria mendon se nuk jan\u00eb rritur\u201d, u shpreh Tabaku.<\/p>\n<p>Sipas saj, \u201cqeveria socialiste mendon se inflacioni ha vet\u00ebm t\u00eb ardhurat e atyre q\u00eb fitojn\u00eb koncesionet dhe PPP-t\u00eb, por jo t\u00eb portofolit t\u00eb qytetar\u00ebve\u201d.<\/p>\n<p>\t\t<i><\/i><ins data-dcm-landing-page-escapes=\"0\" data-dcm-click-tracker=\"https:\/\/track.adform.net\/C\/?bn=73199340;adfibeg=0;cdata=wY0ZHC8ypbQniOq3Sj8hschgQeJ3VY4zU1bO9ulaUP_iCMviXuI_n4RPYRHBxkqVPVtGasWBO2DsQ97SqeB3vafpodL8HlhSS5QNXFy9YSXxjmdMEY9WqD7eKsUQLet9dO-UMsCLM2opnkTpCdy6-w2;;CREFURL=https%3a%2f%2feuro-pixel.com%2ftest.php;C=1;cpdir=\" class=\"dcmads\" data-dcm-placement=\"N571601.4773204ALBANIANPOST.COM\/B32392692.399829096\" data-dcm-rendering-mode=\"iframe\" data-dcm-https-only=\"\" data-dcm-api-frameworks=\"[APIFRAMEWORKS]\" data-dcm-omid-partner=\"[OMIDPARTNER]\" data-dcm-gdpr-applies=\"gdpr=\" data-dcm-gdpr-consent=\"gdpr_consent=\" data-dcm-addtl-consent=\"addtl_consent=${ADDTL_CONSENT}\" data-dcm-ltd=\"false\" data-dcm-resettable-device-id=\"\" data-dcm-app-id=\"\" data-dcm-processed=\"y\"><\/p>\n<p>\t\t<\/ins><\/p>\n<p>\u201cShqiptari blen m\u00eb shtrenjt\u00eb ushqimet, zarzavatet, buk\u00ebn, qum\u00ebshtin dhe vez\u00ebn por p\u00ebr qeverin\u00eb halli \u00ebsht\u00eb si t\u00eb rrisim buxhetin dhe lek\u00ebt q\u00eb marrin nga taksat e larta n\u00eb xhepin tuaj. Kjo \u00ebsht\u00eb t\u00eb mendosh p\u00ebr pakic\u00ebn q\u00eb merr tendera dhe t\u00eb injorosh shumic\u00ebn q\u00eb paguan sa fr\u00ebngu pul\u00ebn p\u00ebr \u00e7do gj\u00eb q\u00eb blen n\u00eb treg\u201d, tha Tabaku.<\/p>\n<p>The post <a rel=\"nofollow\" href=\"https:\/\/albanianpost.com\/qeveria-injoron-rritjen-e-kostos-se-jeteses-sipas-tabakut\/\">Qeveria injoron rritjen e kostos s\u00eb jetes\u00ebs, sipas Tabakut<\/a> appeared first on <a rel=\"nofollow\" href=\"https:\/\/albanianpost.com\/\">Albanian Post<\/a>.<\/p>\n","protected":false},"excerpt":{"rendered":"<p>Deputetja e Partis\u00eb Demokratike, Jorida Tabaku, \u00ebsht\u00eb shprehur se \u201cqeveria pritet t\u00eb rishoh\u00eb buxhetin e disa prej projekteve q\u00eb do t\u00eb investohen nga parat\u00eb e taksave\u201d, nd\u00ebrsa sipas saj, \u201cnuk njeh rritjen e kostove t\u00eb jetes\u00ebs s\u00eb qytetar\u00ebve\u201d. Sipas Tabakut, \u201cjan\u00eb tre rrug\u00eb q\u00eb do i rriten kostot me 260 milion\u00eb euro m\u00eb shum\u00eb se [&hellip;]<\/p>\n","protected":false},"author":1,"featured_media":8115,"comment_status":"open","ping_status":"open","sticky":false,"template":"","format":"standard","meta":{"footnotes":""},"categories":[1],"tags":[],"class_list":["post-8114","post","type-post","status-publish","format-standard","has-post-thumbnail","hentry","category-uncategorized"],"_links":{"self":[{"href":"https:\/\/radiogjilani.com\/index.php\/wp-json\/wp\/v2\/posts\/8114","targetHints":{"allow":["GET"]}}],"collection":[{"href":"https:\/\/radiogjilani.com\/index.php\/wp-json\/wp\/v2\/posts"}],"about":[{"href":"https:\/\/radiogjilani.com\/index.php\/wp-json\/wp\/v2\/types\/post"}],"author":[{"embeddable":true,"href":"https:\/\/radiogjilani.com\/index.php\/wp-json\/wp\/v2\/users\/1"}],"replies":[{"embeddable":true,"href":"https:\/\/radiogjilani.com\/index.php\/wp-json\/wp\/v2\/comments?post=8114"}],"version-history":[{"count":0,"href":"https:\/\/radiogjilani.com\/index.php\/wp-json\/wp\/v2\/posts\/8114\/revisions"}],"wp:featuredmedia":[{"embeddable":true,"href":"https:\/\/radiogjilani.com\/index.php\/wp-json\/wp\/v2\/media\/8115"}],"wp:attachment":[{"href":"https:\/\/radiogjilani.com\/index.php\/wp-json\/wp\/v2\/media?parent=8114"}],"wp:term":[{"taxonomy":"category","embeddable":true,"href":"https:\/\/radiogjilani.com\/index.php\/wp-json\/wp\/v2\/categories?post=8114"},{"taxonomy":"post_tag","embeddable":true,"href":"https:\/\/radiogjilani.com\/index.php\/wp-json\/wp\/v2\/tags?post=8114"}],"curies":[{"name":"wp","href":"https:\/\/api.w.org\/{rel}","templated":true}]}}