{"id":8148,"date":"2024-08-20T17:21:09","date_gmt":"2024-08-20T17:21:09","guid":{"rendered":"https:\/\/radiogjilani.com\/index.php\/2024\/08\/20\/sulmi-terrorist-ne-banjske-tre-te-dyshuarve-iu-vazhdohet-paraburgimi-edhe-nga-dy-muaj\/"},"modified":"2024-08-20T17:21:09","modified_gmt":"2024-08-20T17:21:09","slug":"sulmi-terrorist-ne-banjske-tre-te-dyshuarve-iu-vazhdohet-paraburgimi-edhe-nga-dy-muaj","status":"publish","type":"post","link":"https:\/\/radiogjilani.com\/index.php\/2024\/08\/20\/sulmi-terrorist-ne-banjske-tre-te-dyshuarve-iu-vazhdohet-paraburgimi-edhe-nga-dy-muaj\/","title":{"rendered":"Sulmi terrorist n\u00eb Banjsk\u00eb, tre t\u00eb dyshuarve iu vazhdohet paraburgimi edhe nga dy muaj"},"content":{"rendered":"<p>Gjykata Themelore n\u00eb Prishtin\u00eb ka marr\u00eb vendim me t\u00eb cilin ua ka vazhduar mas\u00ebn e paraburgimit edhe nga dy muaj (secilit ve\u00e7 e ve\u00e7) tre t\u00eb dyshuarve Vladimir Toliq, Blagoje Spasojeviq dhe Dushan Maksimoviq, p\u00ebr sulmim terrorist ndaj Policis\u00eb s\u00eb Kosov\u00ebs n\u00eb Banjsk\u00eb. Lajmin p\u00ebr \u201cBetimi p\u00ebr Drejt\u00ebsi\u201d e ka konfirmuar bashk\u00ebpun\u00ebtorja profesionale nga zyra e kryetares s\u00eb k\u00ebsaj gjykate, Medina Gashi.<\/p>\n<p><a href=\"https:\/\/ekonomiaonline.com\/sulmi-terrorist-ne-banjske-tre-te-dyshuarve-iu-vazhdohet-paraburgimi-edhe-nga-dy-muaj-2\/\" rel=\"nofollow\">Source<\/a><\/p>\n","protected":false},"excerpt":{"rendered":"<p>Gjykata Themelore n\u00eb Prishtin\u00eb ka marr\u00eb vendim me t\u00eb cilin ua ka vazhduar mas\u00ebn e paraburgimit edhe nga dy muaj (secilit ve\u00e7 e ve\u00e7) tre t\u00eb dyshuarve Vladimir Toliq, Blagoje Spasojeviq dhe Dushan Maksimoviq, p\u00ebr sulmim terrorist ndaj Policis\u00eb s\u00eb Kosov\u00ebs n\u00eb Banjsk\u00eb. Lajmin p\u00ebr \u201cBetimi p\u00ebr Drejt\u00ebsi\u201d e ka konfirmuar bashk\u00ebpun\u00ebtorja profesionale nga zyra [&hellip;]<\/p>\n","protected":false},"author":1,"featured_media":8149,"comment_status":"open","ping_status":"open","sticky":false,"template":"","format":"standard","meta":{"footnotes":""},"categories":[19],"tags":[],"class_list":["post-8148","post","type-post","status-publish","format-standard","has-post-thumbnail","hentry","category-eko"],"_links":{"self":[{"href":"https:\/\/radiogjilani.com\/index.php\/wp-json\/wp\/v2\/posts\/8148","targetHints":{"allow":["GET"]}}],"collection":[{"href":"https:\/\/radiogjilani.com\/index.php\/wp-json\/wp\/v2\/posts"}],"about":[{"href":"https:\/\/radiogjilani.com\/index.php\/wp-json\/wp\/v2\/types\/post"}],"author":[{"embeddable":true,"href":"https:\/\/radiogjilani.com\/index.php\/wp-json\/wp\/v2\/users\/1"}],"replies":[{"embeddable":true,"href":"https:\/\/radiogjilani.com\/index.php\/wp-json\/wp\/v2\/comments?post=8148"}],"version-history":[{"count":0,"href":"https:\/\/radiogjilani.com\/index.php\/wp-json\/wp\/v2\/posts\/8148\/revisions"}],"wp:featuredmedia":[{"embeddable":true,"href":"https:\/\/radiogjilani.com\/index.php\/wp-json\/wp\/v2\/media\/8149"}],"wp:attachment":[{"href":"https:\/\/radiogjilani.com\/index.php\/wp-json\/wp\/v2\/media?parent=8148"}],"wp:term":[{"taxonomy":"category","embeddable":true,"href":"https:\/\/radiogjilani.com\/index.php\/wp-json\/wp\/v2\/categories?post=8148"},{"taxonomy":"post_tag","embeddable":true,"href":"https:\/\/radiogjilani.com\/index.php\/wp-json\/wp\/v2\/tags?post=8148"}],"curies":[{"name":"wp","href":"https:\/\/api.w.org\/{rel}","templated":true}]}}