{"id":816,"date":"2024-04-07T19:07:40","date_gmt":"2024-04-07T19:07:40","guid":{"rendered":"https:\/\/radiogjilani.com\/index.php\/2024\/04\/07\/njohja-e-hershme-me-thacin-e-veselin-hoxhaj-ikem-per-studime-me-pasaporta-false\/"},"modified":"2024-04-07T19:07:40","modified_gmt":"2024-04-07T19:07:40","slug":"njohja-e-hershme-me-thacin-e-veselin-hoxhaj-ikem-per-studime-me-pasaporta-false","status":"publish","type":"post","link":"https:\/\/radiogjilani.com\/index.php\/2024\/04\/07\/njohja-e-hershme-me-thacin-e-veselin-hoxhaj-ikem-per-studime-me-pasaporta-false\/","title":{"rendered":"\u201cNjohja e hershme me Tha\u00e7in e Veselin\u201d, Hoxhaj: Ik\u00ebm p\u00ebr studime me pasaporta false"},"content":{"rendered":"<p>Politikani Enver Hoxhaj, teksa ka folur p\u00ebr jet\u00ebn e tij personale dhe profesionale, tregoi mes tjerash se si e njohu Hashim Tha\u00e7in dhe Kadri Veselin. Ai tha se ka qen\u00eb arkeologu Neritan Cerka, ai i cili i dha letr\u00ebn e rekomandimit q\u00eb Hoxhaj t\u00eb pranohej n\u00eb Universitetin e Vjen\u00ebs. \u201cTha\u00e7in, Veselin e njoh q\u00eb prej vitit 1988. Kemi qen\u00eb shok\u00eb studimesh. Kemi studiuar s\u00eb bashku historin\u00eb.<\/p>\n<p><a href=\"https:\/\/ekonomiaonline.com\/njohja-e-hershme-me-thacin-e-veselin-hoxhaj-ikem-per-studime-me-pasaporta-false\/\" rel=\"nofollow\">Source<\/a><\/p>\n","protected":false},"excerpt":{"rendered":"<p>Politikani Enver Hoxhaj, teksa ka folur p\u00ebr jet\u00ebn e tij personale dhe profesionale, tregoi mes tjerash se si e njohu Hashim Tha\u00e7in dhe Kadri Veselin. Ai tha se ka qen\u00eb arkeologu Neritan Cerka, ai i cili i dha letr\u00ebn e rekomandimit q\u00eb Hoxhaj t\u00eb pranohej n\u00eb Universitetin e Vjen\u00ebs. \u201cTha\u00e7in, Veselin e njoh q\u00eb prej [&hellip;]<\/p>\n","protected":false},"author":1,"featured_media":817,"comment_status":"open","ping_status":"open","sticky":false,"template":"","format":"standard","meta":{"footnotes":""},"categories":[19],"tags":[],"class_list":["post-816","post","type-post","status-publish","format-standard","has-post-thumbnail","hentry","category-eko"],"_links":{"self":[{"href":"https:\/\/radiogjilani.com\/index.php\/wp-json\/wp\/v2\/posts\/816","targetHints":{"allow":["GET"]}}],"collection":[{"href":"https:\/\/radiogjilani.com\/index.php\/wp-json\/wp\/v2\/posts"}],"about":[{"href":"https:\/\/radiogjilani.com\/index.php\/wp-json\/wp\/v2\/types\/post"}],"author":[{"embeddable":true,"href":"https:\/\/radiogjilani.com\/index.php\/wp-json\/wp\/v2\/users\/1"}],"replies":[{"embeddable":true,"href":"https:\/\/radiogjilani.com\/index.php\/wp-json\/wp\/v2\/comments?post=816"}],"version-history":[{"count":0,"href":"https:\/\/radiogjilani.com\/index.php\/wp-json\/wp\/v2\/posts\/816\/revisions"}],"wp:featuredmedia":[{"embeddable":true,"href":"https:\/\/radiogjilani.com\/index.php\/wp-json\/wp\/v2\/media\/817"}],"wp:attachment":[{"href":"https:\/\/radiogjilani.com\/index.php\/wp-json\/wp\/v2\/media?parent=816"}],"wp:term":[{"taxonomy":"category","embeddable":true,"href":"https:\/\/radiogjilani.com\/index.php\/wp-json\/wp\/v2\/categories?post=816"},{"taxonomy":"post_tag","embeddable":true,"href":"https:\/\/radiogjilani.com\/index.php\/wp-json\/wp\/v2\/tags?post=816"}],"curies":[{"name":"wp","href":"https:\/\/api.w.org\/{rel}","templated":true}]}}