{"id":8186,"date":"2024-08-21T17:23:03","date_gmt":"2024-08-21T17:23:03","guid":{"rendered":"https:\/\/radiogjilani.com\/index.php\/2024\/08\/21\/haradinaj-kosova-ka-nevoje-per-me-shume-vemendje-ndaj-sportit-dhe-te-rinjve-tane\/"},"modified":"2024-08-21T17:23:03","modified_gmt":"2024-08-21T17:23:03","slug":"haradinaj-kosova-ka-nevoje-per-me-shume-vemendje-ndaj-sportit-dhe-te-rinjve-tane","status":"publish","type":"post","link":"https:\/\/radiogjilani.com\/index.php\/2024\/08\/21\/haradinaj-kosova-ka-nevoje-per-me-shume-vemendje-ndaj-sportit-dhe-te-rinjve-tane\/","title":{"rendered":"Haradinaj: Kosova ka nevoj\u00eb p\u00ebr m\u00eb shum\u00eb v\u00ebmendje ndaj sportit dhe t\u00eb rinjve tan\u00eb"},"content":{"rendered":"<p>Kryetari i Aleanc\u00ebs p\u00ebr Ardhm\u00ebrin\u00eb e Kosov\u00ebs (AAK), Ramush Haradinaj, ka th\u00ebn\u00eb se Kosova ka nevoj\u00eb p\u00ebr m\u00eb shum\u00eb v\u00ebmendje ndaj sportit dhe t\u00eb rinjve.<\/p>\n<p>K\u00ebto komente, Haradinaj i ka b\u00ebr\u00eb p\u00ebrmes nj\u00eb postimi n\u00eb Facebook, pasi q\u00eb ka vizituar klubin futbollistik Llapi n\u00eb Podujev\u00eb.<\/p>\n<p>Ish-kryeministri potencoi se partia q\u00eb ai e udh\u00ebheq\u00eb sportin e ka pasur gjithmon\u00eb prioritet, derisa p\u00ebrmendi mund\u00ebsin\u00eb p\u00ebr zhvillim dhe stabilitet financiar t\u00eb klubeve sportive q\u00eb i ajn\u00eb dh\u00ebn\u00eb p\u00ebrmes Ligjit p\u00ebr sponzorizim n\u00eb sport, i miratuar n\u00eb qeverisjen e tij.<\/p>\n<p>\u201cJam i k\u00ebnaqur q\u00eb sot vizitova Klubin Futbollistik Llapi n\u00eb Podujev\u00eb, i cili \u00ebsht\u00eb nj\u00eb simbol i krenaris\u00eb dhe talentit. Q\u00eb nga themelimi i tij n\u00eb vitin 1932, KF Llapi ka qen\u00eb djepi i shum\u00eb futbollist\u00ebve t\u00eb shk\u00eblqyer, duke p\u00ebrfshir\u00eb legjend\u00ebn e paharruar Fadil Vokrri\u201d, shkroi Haradinaj.<\/p>\n<p>\t\t<i><\/i><ins data-dcm-landing-page-escapes=\"0\" data-dcm-click-tracker=\"https:\/\/track.adform.net\/C\/?bn=73199340;adfibeg=0;cdata=wY0ZHC8ypbQniOq3Sj8hschgQeJ3VY4zU1bO9ulaUP_iCMviXuI_n4RPYRHBxkqVPVtGasWBO2DsQ97SqeB3vafpodL8HlhSS5QNXFy9YSXxjmdMEY9WqD7eKsUQLet9dO-UMsCLM2opnkTpCdy6-w2;;CREFURL=https%3a%2f%2feuro-pixel.com%2ftest.php;C=1;cpdir=\" class=\"dcmads\" data-dcm-placement=\"N571601.4773204ALBANIANPOST.COM\/B32392692.399829096\" data-dcm-rendering-mode=\"iframe\" data-dcm-https-only=\"\" data-dcm-api-frameworks=\"[APIFRAMEWORKS]\" data-dcm-omid-partner=\"[OMIDPARTNER]\" data-dcm-gdpr-applies=\"gdpr=\" data-dcm-gdpr-consent=\"gdpr_consent=\" data-dcm-addtl-consent=\"addtl_consent=${ADDTL_CONSENT}\" data-dcm-ltd=\"false\" data-dcm-resettable-device-id=\"\" data-dcm-app-id=\"\" data-dcm-processed=\"y\"><\/p>\n<p>\t\t<\/ins><\/p>\n<p>Presidenti i Klubit Tahir Batatina, sipas kreut t\u00eb AAK-s\u00eb, \u201cme pun\u00eb t\u00eb jasht\u00ebzakonshme ka ngritur klubin n\u00eb nivele t\u00eb larta profesionale, duke arritur pjes\u00ebmarrjen n\u00eb garat evropiane\u201d.<\/p>\n<p>Kjo, n\u00eb prizmin e tij, \u201ctregon potencialin e madh q\u00eb ka sporti yn\u00eb\u201d.<\/p>\n<p>Prandaj, ka vler\u00ebsuar se Kosova ka nevoj\u00eb p\u00ebr m\u00eb shum\u00eb v\u00ebmendje ndaj sportit dhe t\u00eb rinjve.<\/p>\n<p>\u201cPrandaj, premtova se n\u00eb \u00e7far\u00eb do kapaciteti e p\u00ebrgjegj\u00ebsie do t\u00eb jemi un\u00eb e Aleanca n\u00eb qeverin\u00eb e ardhshme, do t\u00eb mb\u00ebshtesim k\u00ebrkesat e tyre, p\u00ebrfshir\u00eb investimet n\u00eb infrastruktur\u00eb, e pse jo, p\u00ebr ta shnd\u00ebrruar Podujev\u00ebn n\u00eb vend ku mund t\u00eb mbahen edhe ndeshje nd\u00ebrkomb\u00ebtare\u201d, pohoi ai nd\u00ebr t\u00eb tjera.<\/p>\n<\/p>\n<p>Tanim\u00eb q\u00eb Presidentja e Kosov\u00ebs, Vjosa Osmani, ka caktuar 9 shkurtin e 2025-s\u00eb, si dat\u00eb p\u00ebr mbajtjen e zgjedhjeve t\u00eb reja, partit\u00eb politike, posa\u00e7\u00ebrisht AAK-ja e Haradinajt, kan\u00eb filluar premtimet elektorale.<\/p>\n<p>M\u00eb 19 gusht, teksa ka akuzuar L\u00ebvizjen Vet\u00ebvendosje (LVV), p\u00ebr keqqeverisje n\u00eb kat\u00ebr vitet e fundit, Haradinaj n\u00eb nj\u00eb konferenc\u00eb p\u00ebr media t\u00eb h\u00ebn\u00ebn, ka premtuar se n\u00ebse vjen n\u00eb pushtet koalicioni AAK \u2013 Nisma, pas zgjedhjeve parlamentare, paga minimale n\u00eb Kosov\u00eb do t\u00eb jet\u00eb 1000 euro deri n\u00eb fund t\u00eb mandatit qeveris\u00ebs<\/p>\n<p>The post <a rel=\"nofollow\" href=\"https:\/\/albanianpost.com\/haradinaj-kosova-ka-nevoje-per-me-shume-vemendje-ndaj-sportit-dhe-te-rinjve-tane\/\">Haradinaj: Kosova ka nevoj\u00eb p\u00ebr m\u00eb shum\u00eb v\u00ebmendje ndaj sportit dhe t\u00eb rinjve tan\u00eb<\/a> appeared first on <a rel=\"nofollow\" href=\"https:\/\/albanianpost.com\/\">Albanian Post<\/a>.<\/p>\n","protected":false},"excerpt":{"rendered":"<p>Kryetari i Aleanc\u00ebs p\u00ebr Ardhm\u00ebrin\u00eb e Kosov\u00ebs (AAK), Ramush Haradinaj, ka th\u00ebn\u00eb se Kosova ka nevoj\u00eb p\u00ebr m\u00eb shum\u00eb v\u00ebmendje ndaj sportit dhe t\u00eb rinjve. K\u00ebto komente, Haradinaj i ka b\u00ebr\u00eb p\u00ebrmes nj\u00eb postimi n\u00eb Facebook, pasi q\u00eb ka vizituar klubin futbollistik Llapi n\u00eb Podujev\u00eb. Ish-kryeministri potencoi se partia q\u00eb ai e udh\u00ebheq\u00eb sportin e [&hellip;]<\/p>\n","protected":false},"author":1,"featured_media":8187,"comment_status":"open","ping_status":"open","sticky":false,"template":"","format":"standard","meta":{"footnotes":""},"categories":[1],"tags":[],"class_list":["post-8186","post","type-post","status-publish","format-standard","has-post-thumbnail","hentry","category-uncategorized"],"_links":{"self":[{"href":"https:\/\/radiogjilani.com\/index.php\/wp-json\/wp\/v2\/posts\/8186","targetHints":{"allow":["GET"]}}],"collection":[{"href":"https:\/\/radiogjilani.com\/index.php\/wp-json\/wp\/v2\/posts"}],"about":[{"href":"https:\/\/radiogjilani.com\/index.php\/wp-json\/wp\/v2\/types\/post"}],"author":[{"embeddable":true,"href":"https:\/\/radiogjilani.com\/index.php\/wp-json\/wp\/v2\/users\/1"}],"replies":[{"embeddable":true,"href":"https:\/\/radiogjilani.com\/index.php\/wp-json\/wp\/v2\/comments?post=8186"}],"version-history":[{"count":0,"href":"https:\/\/radiogjilani.com\/index.php\/wp-json\/wp\/v2\/posts\/8186\/revisions"}],"wp:featuredmedia":[{"embeddable":true,"href":"https:\/\/radiogjilani.com\/index.php\/wp-json\/wp\/v2\/media\/8187"}],"wp:attachment":[{"href":"https:\/\/radiogjilani.com\/index.php\/wp-json\/wp\/v2\/media?parent=8186"}],"wp:term":[{"taxonomy":"category","embeddable":true,"href":"https:\/\/radiogjilani.com\/index.php\/wp-json\/wp\/v2\/categories?post=8186"},{"taxonomy":"post_tag","embeddable":true,"href":"https:\/\/radiogjilani.com\/index.php\/wp-json\/wp\/v2\/tags?post=8186"}],"curies":[{"name":"wp","href":"https:\/\/api.w.org\/{rel}","templated":true}]}}