{"id":8202,"date":"2024-08-22T17:34:48","date_gmt":"2024-08-22T17:34:48","guid":{"rendered":"https:\/\/radiogjilani.com\/index.php\/2024\/08\/22\/durmishi-takon-homologen-nga-rmv-u-gezuam-qe-rruga-prizren-tetove-eshte-prioritet-i-qeverise-se-re\/"},"modified":"2024-08-22T17:34:48","modified_gmt":"2024-08-22T17:34:48","slug":"durmishi-takon-homologen-nga-rmv-u-gezuam-qe-rruga-prizren-tetove-eshte-prioritet-i-qeverise-se-re","status":"publish","type":"post","link":"https:\/\/radiogjilani.com\/index.php\/2024\/08\/22\/durmishi-takon-homologen-nga-rmv-u-gezuam-qe-rruga-prizren-tetove-eshte-prioritet-i-qeverise-se-re\/","title":{"rendered":"Durmishi takon homologen nga RMV: U g\u00ebzuam q\u00eb rruga Prizren-Tetov\u00eb \u00ebsht\u00eb prioritet i qeveris\u00eb s\u00eb re"},"content":{"rendered":"<p>Ministri i Infrastruktur\u00ebs, Liburn Aliu, bashk\u00eb me z\u00ebvend\u00ebsministrin Hysen Durmishi jan\u00eb takuar me z\u00ebvend\u00ebsministren e Transportit t\u00eb Maqedonis\u00eb s\u00eb Veriut, Kaltrina Shaqirin. Durmishi tha se i ka g\u00ebzuar fakti q\u00eb nd\u00ebrtimi i rrug\u00ebs Prizren-Tetov\u00eb dhe autostrada Shkup-Bllac\u00eb jan\u00eb nd\u00ebr prioritetet kryesore t\u00eb qeveris\u00eb s\u00eb re maqedonase. \u201cDuke e uruar z\u00ebvend\u00ebsministren p\u00ebr pozit\u00ebn e saj t\u00eb re i&#8230;<\/p>\n<p><a href=\"https:\/\/ekonomiaonline.com\/durmishi-takon-homologen-nga-rmv-u-gezuam-qe-rruga-prizren-tetove-eshte-prioritet-i-qeverise-se-re\/\" rel=\"nofollow\">Source<\/a><\/p>\n","protected":false},"excerpt":{"rendered":"<p>Ministri i Infrastruktur\u00ebs, Liburn Aliu, bashk\u00eb me z\u00ebvend\u00ebsministrin Hysen Durmishi jan\u00eb takuar me z\u00ebvend\u00ebsministren e Transportit t\u00eb Maqedonis\u00eb s\u00eb Veriut, Kaltrina Shaqirin. Durmishi tha se i ka g\u00ebzuar fakti q\u00eb nd\u00ebrtimi i rrug\u00ebs Prizren-Tetov\u00eb dhe autostrada Shkup-Bllac\u00eb jan\u00eb nd\u00ebr prioritetet kryesore t\u00eb qeveris\u00eb s\u00eb re maqedonase. \u201cDuke e uruar z\u00ebvend\u00ebsministren p\u00ebr pozit\u00ebn e saj t\u00eb [&hellip;]<\/p>\n","protected":false},"author":1,"featured_media":8203,"comment_status":"open","ping_status":"open","sticky":false,"template":"","format":"standard","meta":{"footnotes":""},"categories":[19],"tags":[],"class_list":["post-8202","post","type-post","status-publish","format-standard","has-post-thumbnail","hentry","category-eko"],"_links":{"self":[{"href":"https:\/\/radiogjilani.com\/index.php\/wp-json\/wp\/v2\/posts\/8202","targetHints":{"allow":["GET"]}}],"collection":[{"href":"https:\/\/radiogjilani.com\/index.php\/wp-json\/wp\/v2\/posts"}],"about":[{"href":"https:\/\/radiogjilani.com\/index.php\/wp-json\/wp\/v2\/types\/post"}],"author":[{"embeddable":true,"href":"https:\/\/radiogjilani.com\/index.php\/wp-json\/wp\/v2\/users\/1"}],"replies":[{"embeddable":true,"href":"https:\/\/radiogjilani.com\/index.php\/wp-json\/wp\/v2\/comments?post=8202"}],"version-history":[{"count":0,"href":"https:\/\/radiogjilani.com\/index.php\/wp-json\/wp\/v2\/posts\/8202\/revisions"}],"wp:featuredmedia":[{"embeddable":true,"href":"https:\/\/radiogjilani.com\/index.php\/wp-json\/wp\/v2\/media\/8203"}],"wp:attachment":[{"href":"https:\/\/radiogjilani.com\/index.php\/wp-json\/wp\/v2\/media?parent=8202"}],"wp:term":[{"taxonomy":"category","embeddable":true,"href":"https:\/\/radiogjilani.com\/index.php\/wp-json\/wp\/v2\/categories?post=8202"},{"taxonomy":"post_tag","embeddable":true,"href":"https:\/\/radiogjilani.com\/index.php\/wp-json\/wp\/v2\/tags?post=8202"}],"curies":[{"name":"wp","href":"https:\/\/api.w.org\/{rel}","templated":true}]}}