{"id":824,"date":"2024-04-07T19:08:32","date_gmt":"2024-04-07T19:08:32","guid":{"rendered":"https:\/\/radiogjilani.com\/index.php\/2024\/04\/07\/zelensky-pa-ndihmen-amerikane-do-ta-humbasim-luften\/"},"modified":"2024-04-07T19:08:32","modified_gmt":"2024-04-07T19:08:32","slug":"zelensky-pa-ndihmen-amerikane-do-ta-humbasim-luften","status":"publish","type":"post","link":"https:\/\/radiogjilani.com\/index.php\/2024\/04\/07\/zelensky-pa-ndihmen-amerikane-do-ta-humbasim-luften\/","title":{"rendered":"Zelensky: Pa ndihm\u00ebn amerikane, do ta humbasim luft\u00ebn"},"content":{"rendered":"<p>Presidenti ukrainas Volodymyr Zelensky tha t\u00eb diel\u00ebn se Kievi do t\u00eb humbas\u00eb luft\u00ebn kund\u00ebr Rusis\u00eb n\u00ebse Kongresi amerikan nuk miraton ndihm\u00ebn ushtarake p\u00ebr t\u00eb luftuar pushtimin e Mosk\u00ebs.<\/p>\n<p>Republikan\u00ebt n\u00eb Kongres kan\u00eb bllokuar prej muajsh dhjet\u00ebra miliarda dollar\u00eb ndihm\u00eb ushtarake p\u00ebr Kievin.<\/p>\n<p>\u201c\u00cbsht\u00eb e nevojshme t\u2019i thuhet n\u00eb m\u00ebnyr\u00eb specifike Kongresit se n\u00ebse Kongresi nuk e ndihmon Ukrain\u00ebn, Ukraina do ta humbas\u00eb luft\u00ebn\u201d, tha Zelensky gjat\u00eb nj\u00eb video-takimi t\u00eb platform\u00ebs United24 p\u00ebr mbledhjen e fondeve t\u00eb organizuar nga Kievi.<\/p>\n<p>Zelensky tha se do t\u00eb ishte \u201ce v\u00ebshtir\u00eb\u201d p\u00ebr Ukrain\u00ebn t\u00eb \u201cq\u00ebndronte\u201d pa ndihm\u00ebn.<\/p>\n<p>Ai tha se \u201cn\u00ebse Ukraina humbet luft\u00ebn, shtetet e tjera do t\u00eb sulmohen\u201d.<\/p>\n<p>Pushtimi rus i Ukrain\u00ebs \u00ebsht\u00eb zvarritur p\u00ebr m\u00eb shum\u00eb se dy vjet.<\/p>\n<p>Kievi tha t\u00eb diel\u00ebn se nj\u00eb sulm rus n\u00eb qytetin Gulyaipole n\u00eb rajonin jugor t\u00eb Zaporizhzhia vrau tre persona.<\/p>\n<p>\u201cDy burra dhe nj\u00eb grua vdiq\u00ebn n\u00ebn rr\u00ebnojat e sht\u00ebpis\u00eb s\u00eb tyre private, e cila u godit nga nj\u00eb predh\u00eb ruse\u201d, tha kreu i rajonit, Ivan Fedorov, n\u00eb rrjetet sociale.<\/p>\n<p>The post <a rel=\"nofollow\" href=\"https:\/\/albanianpost.com\/zelensky-pa-ndihmen-amerikane-do-ta-humbasim-luften\/\">Zelensky: Pa ndihm\u00ebn amerikane, do ta humbasim luft\u00ebn<\/a> appeared first on <a rel=\"nofollow\" href=\"https:\/\/albanianpost.com\/\">Albanian Post<\/a>.<\/p>\n","protected":false},"excerpt":{"rendered":"<p>Presidenti ukrainas Volodymyr Zelensky tha t\u00eb diel\u00ebn se Kievi do t\u00eb humbas\u00eb luft\u00ebn kund\u00ebr Rusis\u00eb n\u00ebse Kongresi amerikan nuk miraton ndihm\u00ebn ushtarake p\u00ebr t\u00eb luftuar pushtimin e Mosk\u00ebs. Republikan\u00ebt n\u00eb Kongres kan\u00eb bllokuar prej muajsh dhjet\u00ebra miliarda dollar\u00eb ndihm\u00eb ushtarake p\u00ebr Kievin. \u201c\u00cbsht\u00eb e nevojshme t\u2019i thuhet n\u00eb m\u00ebnyr\u00eb specifike Kongresit se n\u00ebse Kongresi nuk [&hellip;]<\/p>\n","protected":false},"author":1,"featured_media":825,"comment_status":"open","ping_status":"open","sticky":false,"template":"","format":"standard","meta":{"footnotes":""},"categories":[1],"tags":[],"class_list":["post-824","post","type-post","status-publish","format-standard","has-post-thumbnail","hentry","category-uncategorized"],"_links":{"self":[{"href":"https:\/\/radiogjilani.com\/index.php\/wp-json\/wp\/v2\/posts\/824","targetHints":{"allow":["GET"]}}],"collection":[{"href":"https:\/\/radiogjilani.com\/index.php\/wp-json\/wp\/v2\/posts"}],"about":[{"href":"https:\/\/radiogjilani.com\/index.php\/wp-json\/wp\/v2\/types\/post"}],"author":[{"embeddable":true,"href":"https:\/\/radiogjilani.com\/index.php\/wp-json\/wp\/v2\/users\/1"}],"replies":[{"embeddable":true,"href":"https:\/\/radiogjilani.com\/index.php\/wp-json\/wp\/v2\/comments?post=824"}],"version-history":[{"count":0,"href":"https:\/\/radiogjilani.com\/index.php\/wp-json\/wp\/v2\/posts\/824\/revisions"}],"wp:featuredmedia":[{"embeddable":true,"href":"https:\/\/radiogjilani.com\/index.php\/wp-json\/wp\/v2\/media\/825"}],"wp:attachment":[{"href":"https:\/\/radiogjilani.com\/index.php\/wp-json\/wp\/v2\/media?parent=824"}],"wp:term":[{"taxonomy":"category","embeddable":true,"href":"https:\/\/radiogjilani.com\/index.php\/wp-json\/wp\/v2\/categories?post=824"},{"taxonomy":"post_tag","embeddable":true,"href":"https:\/\/radiogjilani.com\/index.php\/wp-json\/wp\/v2\/tags?post=824"}],"curies":[{"name":"wp","href":"https:\/\/api.w.org\/{rel}","templated":true}]}}