{"id":8252,"date":"2024-08-23T18:20:35","date_gmt":"2024-08-23T18:20:35","guid":{"rendered":"https:\/\/radiogjilani.com\/index.php\/2024\/08\/23\/gashi-per-viziten-e-kurtit-ne-burgje-a-e-pyeti-haxhiun-pse-kane-ndodhur-gjithe-keto-arratisje-kohet-e-fundit\/"},"modified":"2024-08-23T18:20:35","modified_gmt":"2024-08-23T18:20:35","slug":"gashi-per-viziten-e-kurtit-ne-burgje-a-e-pyeti-haxhiun-pse-kane-ndodhur-gjithe-keto-arratisje-kohet-e-fundit","status":"publish","type":"post","link":"https:\/\/radiogjilani.com\/index.php\/2024\/08\/23\/gashi-per-viziten-e-kurtit-ne-burgje-a-e-pyeti-haxhiun-pse-kane-ndodhur-gjithe-keto-arratisje-kohet-e-fundit\/","title":{"rendered":"Gashi p\u00ebr vizit\u00ebn e Kurtit n\u00eb burgje: A e pyeti Haxhiun pse kan\u00eb ndodhur gjith\u00eb k\u00ebto arratisje koh\u00ebt e fundit"},"content":{"rendered":"<p>Deputeti i Lidhjes Demokratike t\u00eb Kosov\u00ebs (LDK), Arben Gashi, ka reaguar ndaj vizit\u00ebs s\u00eb sotme t\u00eb kryeministrit, Albin Kurti n\u00eb objektin qendror t\u00eb Sh\u00ebrbimit Korrektues t\u00eb Kosov\u00ebs (SHKK) n\u00eb Prishtin\u00eb. P\u00ebrmes nj\u00eb postimi n\u00eb Facebook, Gashi ka ngritur disa pyetje p\u00ebr Kurtin dhe ministren e Drejt\u00ebsis\u00eb, Albulena Haxhiu, raporton Ekonomia Online. \u201cMeqen\u00ebse Albin Kurti e paska vizituar Sh\u00ebrbimin&#8230;<\/p>\n<p><a href=\"https:\/\/ekonomiaonline.com\/gashi-per-viziten-e-kurtit-ne-burgje-a-e-pyeti-haxhiun-pse-kane-ndodhur-gjithe-keto-arratisje-kohet-e-fundit\/\" rel=\"nofollow\">Source<\/a><\/p>\n","protected":false},"excerpt":{"rendered":"<p>Deputeti i Lidhjes Demokratike t\u00eb Kosov\u00ebs (LDK), Arben Gashi, ka reaguar ndaj vizit\u00ebs s\u00eb sotme t\u00eb kryeministrit, Albin Kurti n\u00eb objektin qendror t\u00eb Sh\u00ebrbimit Korrektues t\u00eb Kosov\u00ebs (SHKK) n\u00eb Prishtin\u00eb. P\u00ebrmes nj\u00eb postimi n\u00eb Facebook, Gashi ka ngritur disa pyetje p\u00ebr Kurtin dhe ministren e Drejt\u00ebsis\u00eb, Albulena Haxhiu, raporton Ekonomia Online. \u201cMeqen\u00ebse Albin Kurti e [&hellip;]<\/p>\n","protected":false},"author":1,"featured_media":8253,"comment_status":"open","ping_status":"open","sticky":false,"template":"","format":"standard","meta":{"footnotes":""},"categories":[19],"tags":[],"class_list":["post-8252","post","type-post","status-publish","format-standard","has-post-thumbnail","hentry","category-eko"],"_links":{"self":[{"href":"https:\/\/radiogjilani.com\/index.php\/wp-json\/wp\/v2\/posts\/8252","targetHints":{"allow":["GET"]}}],"collection":[{"href":"https:\/\/radiogjilani.com\/index.php\/wp-json\/wp\/v2\/posts"}],"about":[{"href":"https:\/\/radiogjilani.com\/index.php\/wp-json\/wp\/v2\/types\/post"}],"author":[{"embeddable":true,"href":"https:\/\/radiogjilani.com\/index.php\/wp-json\/wp\/v2\/users\/1"}],"replies":[{"embeddable":true,"href":"https:\/\/radiogjilani.com\/index.php\/wp-json\/wp\/v2\/comments?post=8252"}],"version-history":[{"count":0,"href":"https:\/\/radiogjilani.com\/index.php\/wp-json\/wp\/v2\/posts\/8252\/revisions"}],"wp:featuredmedia":[{"embeddable":true,"href":"https:\/\/radiogjilani.com\/index.php\/wp-json\/wp\/v2\/media\/8253"}],"wp:attachment":[{"href":"https:\/\/radiogjilani.com\/index.php\/wp-json\/wp\/v2\/media?parent=8252"}],"wp:term":[{"taxonomy":"category","embeddable":true,"href":"https:\/\/radiogjilani.com\/index.php\/wp-json\/wp\/v2\/categories?post=8252"},{"taxonomy":"post_tag","embeddable":true,"href":"https:\/\/radiogjilani.com\/index.php\/wp-json\/wp\/v2\/tags?post=8252"}],"curies":[{"name":"wp","href":"https:\/\/api.w.org\/{rel}","templated":true}]}}