{"id":8288,"date":"2024-08-24T19:20:08","date_gmt":"2024-08-24T19:20:08","guid":{"rendered":"https:\/\/radiogjilani.com\/index.php\/2024\/08\/24\/isis-merr-autoresine-e-sulmit-ne-gjermani-hak-i-marre-per-palestinen\/"},"modified":"2024-08-24T19:20:08","modified_gmt":"2024-08-24T19:20:08","slug":"isis-merr-autoresine-e-sulmit-ne-gjermani-hak-i-marre-per-palestinen","status":"publish","type":"post","link":"https:\/\/radiogjilani.com\/index.php\/2024\/08\/24\/isis-merr-autoresine-e-sulmit-ne-gjermani-hak-i-marre-per-palestinen\/","title":{"rendered":"ISIS merr autor\u00ebsin\u00eb e sulmit n\u00eb Gjermani, \u201chak i marr\u00eb p\u00ebr Palestin\u00ebn\u201d"},"content":{"rendered":"<p>ISIS ka marr\u00eb p\u00ebrgjegj\u00ebsin\u00eb p\u00ebr sulmin masiv me thik\u00eb n\u00eb qytetin per\u00ebndimor gjerman t\u00eb Solingenit q\u00eb la t\u00eb vrar\u00eb tre persona.<\/p>\n<p>Grupi militant ka deklaruar n\u00eb llogarin\u00eb e vet n\u00eb Telegram se sulmi u krye nga nj\u00eb prej an\u00ebtar\u00ebve t\u00eb tij \u201cn\u00eb hakmarrje p\u00ebr mysliman\u00ebt n\u00eb Palestin\u00eb dhe kudo\u201d.<\/p>\n<p>Nuk dha menj\u00ebher\u00eb asnj\u00eb prov\u00eb p\u00ebr pohimin dhe nuk ishte e qart\u00eb se sa e ngusht\u00eb ishte ndonj\u00eb marr\u00ebdh\u00ebnie midis sulmuesit dhe ISIS.<\/p>\n<p>Sulmi i s\u00eb premtes, n\u00eb t\u00eb cilin nj\u00eb burr\u00eb vrau tre persona dhe plagosi tet\u00eb t\u00eb tjer\u00eb, ndodhi n\u00eb Fronhof, nj\u00eb shesh tregu n\u00eb Solingen, ku grupet live po luanin si pjes\u00eb e nj\u00eb festivali q\u00eb sh\u00ebnonte 650 vjetorin e qytetit.<\/p>\n<p>\t\t<i><\/i><ins data-dcm-landing-page-escapes=\"0\" data-dcm-click-tracker=\"https:\/\/track.adform.net\/C\/?bn=73199340;adfibeg=0;cdata=wY0ZHC8ypbQniOq3Sj8hschgQeJ3VY4zU1bO9ulaUP_iCMviXuI_n4RPYRHBxkqVPVtGasWBO2DsQ97SqeB3vafpodL8HlhSS5QNXFy9YSXxjmdMEY9WqD7eKsUQLet9dO-UMsCLM2opnkTpCdy6-w2;;CREFURL=https%3a%2f%2feuro-pixel.com%2ftest.php;C=1;cpdir=\" class=\"dcmads\" data-dcm-placement=\"N571601.4773204ALBANIANPOST.COM\/B32392692.399829096\" data-dcm-rendering-mode=\"iframe\" data-dcm-https-only=\"\" data-dcm-api-frameworks=\"[APIFRAMEWORKS]\" data-dcm-omid-partner=\"[OMIDPARTNER]\" data-dcm-gdpr-applies=\"gdpr=\" data-dcm-gdpr-consent=\"gdpr_consent=\" data-dcm-addtl-consent=\"addtl_consent=${ADDTL_CONSENT}\" data-dcm-ltd=\"false\" data-dcm-resettable-device-id=\"\" data-dcm-app-id=\"\" data-dcm-processed=\"y\"><\/p>\n<p>\t\t<\/ins><\/p>\n<p>Policia tha se po kryente nj\u00eb gjueti p\u00ebr sulmuesin.<\/p>\n<p>Ata than\u00eb se kishin arrestuar nj\u00eb 15-vje\u00e7ar dhe po hetonin n\u00ebse ky person ishte i lidhur me sulmuesin.<\/p>\n<p>The post <a rel=\"nofollow\" href=\"https:\/\/albanianpost.com\/isis-merr-autoresine-e-sulmit-ne-gjermani-hak-i-marre-per-palestinen\/\">ISIS merr autor\u00ebsin\u00eb e sulmit n\u00eb Gjermani, \u201chak i marr\u00eb p\u00ebr Palestin\u00ebn\u201d<\/a> appeared first on <a rel=\"nofollow\" href=\"https:\/\/albanianpost.com\/\">Albanian Post<\/a>.<\/p>\n","protected":false},"excerpt":{"rendered":"<p>ISIS ka marr\u00eb p\u00ebrgjegj\u00ebsin\u00eb p\u00ebr sulmin masiv me thik\u00eb n\u00eb qytetin per\u00ebndimor gjerman t\u00eb Solingenit q\u00eb la t\u00eb vrar\u00eb tre persona. Grupi militant ka deklaruar n\u00eb llogarin\u00eb e vet n\u00eb Telegram se sulmi u krye nga nj\u00eb prej an\u00ebtar\u00ebve t\u00eb tij \u201cn\u00eb hakmarrje p\u00ebr mysliman\u00ebt n\u00eb Palestin\u00eb dhe kudo\u201d. Nuk dha menj\u00ebher\u00eb asnj\u00eb prov\u00eb p\u00ebr [&hellip;]<\/p>\n","protected":false},"author":1,"featured_media":8289,"comment_status":"open","ping_status":"open","sticky":false,"template":"","format":"standard","meta":{"footnotes":""},"categories":[1],"tags":[],"class_list":["post-8288","post","type-post","status-publish","format-standard","has-post-thumbnail","hentry","category-uncategorized"],"_links":{"self":[{"href":"https:\/\/radiogjilani.com\/index.php\/wp-json\/wp\/v2\/posts\/8288","targetHints":{"allow":["GET"]}}],"collection":[{"href":"https:\/\/radiogjilani.com\/index.php\/wp-json\/wp\/v2\/posts"}],"about":[{"href":"https:\/\/radiogjilani.com\/index.php\/wp-json\/wp\/v2\/types\/post"}],"author":[{"embeddable":true,"href":"https:\/\/radiogjilani.com\/index.php\/wp-json\/wp\/v2\/users\/1"}],"replies":[{"embeddable":true,"href":"https:\/\/radiogjilani.com\/index.php\/wp-json\/wp\/v2\/comments?post=8288"}],"version-history":[{"count":0,"href":"https:\/\/radiogjilani.com\/index.php\/wp-json\/wp\/v2\/posts\/8288\/revisions"}],"wp:featuredmedia":[{"embeddable":true,"href":"https:\/\/radiogjilani.com\/index.php\/wp-json\/wp\/v2\/media\/8289"}],"wp:attachment":[{"href":"https:\/\/radiogjilani.com\/index.php\/wp-json\/wp\/v2\/media?parent=8288"}],"wp:term":[{"taxonomy":"category","embeddable":true,"href":"https:\/\/radiogjilani.com\/index.php\/wp-json\/wp\/v2\/categories?post=8288"},{"taxonomy":"post_tag","embeddable":true,"href":"https:\/\/radiogjilani.com\/index.php\/wp-json\/wp\/v2\/tags?post=8288"}],"curies":[{"name":"wp","href":"https:\/\/api.w.org\/{rel}","templated":true}]}}