{"id":8298,"date":"2024-08-24T19:20:03","date_gmt":"2024-08-24T19:20:03","guid":{"rendered":"https:\/\/radiogjilani.com\/index.php\/2024\/08\/24\/plagosje-me-thike-ne-astir-viktima-ne-gjendje-te-rende-ne-spital\/"},"modified":"2024-08-24T19:20:03","modified_gmt":"2024-08-24T19:20:03","slug":"plagosje-me-thike-ne-astir-viktima-ne-gjendje-te-rende-ne-spital","status":"publish","type":"post","link":"https:\/\/radiogjilani.com\/index.php\/2024\/08\/24\/plagosje-me-thike-ne-astir-viktima-ne-gjendje-te-rende-ne-spital\/","title":{"rendered":"Plagosje me thik\u00eb n\u00eb Astir, viktima n\u00eb gjendje t\u00eb r\u00ebnd\u00eb n\u00eb spital"},"content":{"rendered":"<p>N\u00eb zon\u00ebn e Astirit n\u00eb Tiran\u00eb ka ndodhur nj\u00eb plagosje.<\/p>\n<p>Rreth or\u00ebs 18:45, nj\u00eb 34-vje\u00e7ar \u00ebsht\u00eb plagosur me thik\u00eb p\u00ebr motive t\u00eb dob\u00ebta.<\/p>\n<p>Policia e Komisariatit Nr. 6 dhe Forca e Posa\u00e7me \u201cShqiponja\u201d jan\u00eb angazhuar menj\u00ebher\u00eb pas marrjes s\u00eb njoftimit p\u00ebr t\u00eb kapur autorin e dyshuar.<\/p>\n<p>Shtetasi D.K., 25 vje\u00e7, banues n\u00eb Tiran\u00eb, \u00ebsht\u00eb identifikuar dhe arrestuar nga forcat e rendit.<\/p>\n<p>\t\t<i><\/i><ins data-dcm-landing-page-escapes=\"0\" data-dcm-click-tracker=\"https:\/\/track.adform.net\/C\/?bn=73199340;adfibeg=0;cdata=wY0ZHC8ypbQniOq3Sj8hschgQeJ3VY4zU1bO9ulaUP_iCMviXuI_n4RPYRHBxkqVPVtGasWBO2DsQ97SqeB3vafpodL8HlhSS5QNXFy9YSXxjmdMEY9WqD7eKsUQLet9dO-UMsCLM2opnkTpCdy6-w2;;CREFURL=https%3a%2f%2feuro-pixel.com%2ftest.php;C=1;cpdir=\" class=\"dcmads\" data-dcm-placement=\"N571601.4773204ALBANIANPOST.COM\/B32392692.399829096\" data-dcm-rendering-mode=\"iframe\" data-dcm-https-only=\"\" data-dcm-api-frameworks=\"[APIFRAMEWORKS]\" data-dcm-omid-partner=\"[OMIDPARTNER]\" data-dcm-gdpr-applies=\"gdpr=\" data-dcm-gdpr-consent=\"gdpr_consent=\" data-dcm-addtl-consent=\"addtl_consent=${ADDTL_CONSENT}\" data-dcm-ltd=\"false\" data-dcm-resettable-device-id=\"\" data-dcm-app-id=\"\" data-dcm-processed=\"y\"><\/p>\n<p>\t\t<\/ins><\/p>\n<p>Ai \u00ebsht\u00eb shoq\u00ebruar n\u00eb komisariat p\u00ebr veprime t\u00eb m\u00ebtejshme procedurale.<\/p>\n<p>I plagosuri, A.H., 34 vje\u00e7, \u00ebsht\u00eb transportuar n\u00eb spital dhe ndodhet n\u00eb gjendje t\u00eb r\u00ebnd\u00eb, n\u00ebn kujdesin e mjek\u00ebve.<\/p>\n<p>Hetimet p\u00ebr zbardhjen e motiveve dhe rrethanave t\u00eb ngjarjes jan\u00eb n\u00eb vazhdim nga grupi hetimor.<\/p>\n<p>The post <a rel=\"nofollow\" href=\"https:\/\/albanianpost.com\/plagosje-me-thike-ne-astir-viktima-ne-gjendje-te-rende-ne-spital\/\">Plagosje me thik\u00eb n\u00eb Astir, viktima n\u00eb gjendje t\u00eb r\u00ebnd\u00eb n\u00eb spital<\/a> appeared first on <a rel=\"nofollow\" href=\"https:\/\/albanianpost.com\/\">Albanian Post<\/a>.<\/p>\n","protected":false},"excerpt":{"rendered":"<p>N\u00eb zon\u00ebn e Astirit n\u00eb Tiran\u00eb ka ndodhur nj\u00eb plagosje. Rreth or\u00ebs 18:45, nj\u00eb 34-vje\u00e7ar \u00ebsht\u00eb plagosur me thik\u00eb p\u00ebr motive t\u00eb dob\u00ebta. Policia e Komisariatit Nr. 6 dhe Forca e Posa\u00e7me \u201cShqiponja\u201d jan\u00eb angazhuar menj\u00ebher\u00eb pas marrjes s\u00eb njoftimit p\u00ebr t\u00eb kapur autorin e dyshuar. Shtetasi D.K., 25 vje\u00e7, banues n\u00eb Tiran\u00eb, \u00ebsht\u00eb identifikuar [&hellip;]<\/p>\n","protected":false},"author":1,"featured_media":8299,"comment_status":"open","ping_status":"open","sticky":false,"template":"","format":"standard","meta":{"footnotes":""},"categories":[1],"tags":[],"class_list":["post-8298","post","type-post","status-publish","format-standard","has-post-thumbnail","hentry","category-uncategorized"],"_links":{"self":[{"href":"https:\/\/radiogjilani.com\/index.php\/wp-json\/wp\/v2\/posts\/8298","targetHints":{"allow":["GET"]}}],"collection":[{"href":"https:\/\/radiogjilani.com\/index.php\/wp-json\/wp\/v2\/posts"}],"about":[{"href":"https:\/\/radiogjilani.com\/index.php\/wp-json\/wp\/v2\/types\/post"}],"author":[{"embeddable":true,"href":"https:\/\/radiogjilani.com\/index.php\/wp-json\/wp\/v2\/users\/1"}],"replies":[{"embeddable":true,"href":"https:\/\/radiogjilani.com\/index.php\/wp-json\/wp\/v2\/comments?post=8298"}],"version-history":[{"count":0,"href":"https:\/\/radiogjilani.com\/index.php\/wp-json\/wp\/v2\/posts\/8298\/revisions"}],"wp:featuredmedia":[{"embeddable":true,"href":"https:\/\/radiogjilani.com\/index.php\/wp-json\/wp\/v2\/media\/8299"}],"wp:attachment":[{"href":"https:\/\/radiogjilani.com\/index.php\/wp-json\/wp\/v2\/media?parent=8298"}],"wp:term":[{"taxonomy":"category","embeddable":true,"href":"https:\/\/radiogjilani.com\/index.php\/wp-json\/wp\/v2\/categories?post=8298"},{"taxonomy":"post_tag","embeddable":true,"href":"https:\/\/radiogjilani.com\/index.php\/wp-json\/wp\/v2\/tags?post=8298"}],"curies":[{"name":"wp","href":"https:\/\/api.w.org\/{rel}","templated":true}]}}