{"id":8304,"date":"2024-08-24T19:20:00","date_gmt":"2024-08-24T19:20:00","guid":{"rendered":"https:\/\/radiogjilani.com\/index.php\/2024\/08\/24\/kurum-mbyll-uzinen-e-celikut-ne-elbasan-500-punetoret-njoftohen-per-nderprerjen-e-kontrates\/"},"modified":"2024-08-24T19:20:00","modified_gmt":"2024-08-24T19:20:00","slug":"kurum-mbyll-uzinen-e-celikut-ne-elbasan-500-punetoret-njoftohen-per-nderprerjen-e-kontrates","status":"publish","type":"post","link":"https:\/\/radiogjilani.com\/index.php\/2024\/08\/24\/kurum-mbyll-uzinen-e-celikut-ne-elbasan-500-punetoret-njoftohen-per-nderprerjen-e-kontrates\/","title":{"rendered":"Kurum mbyll uzin\u00ebn e \u00e7elikut n\u00eb Elbasan, 500 pun\u00ebtor\u00ebt njoftohen p\u00ebr nd\u00ebrprerjen e kontrat\u00ebs"},"content":{"rendered":"<p>Firma Kurum ka mbyllur aktivitetin e saj me pretendimin se \u00ebsht\u00eb n\u00eb proces remonti.<\/p>\n<p>500 pun\u00ebtor\u00eb t\u00eb uzin\u00ebs s\u00eb \u00e7elikut dhe t\u00eb uzin\u00ebs s\u00eb p\u00ebrpunimit m\u00ebsohet se jan\u00eb njoftuar p\u00ebr nd\u00ebrprerjen e nj\u00ebanshme t\u00eb kontrat\u00ebs pa arsye zyrtare p\u00ebr pezullimin.<\/p>\n<p>K\u00ebshtu, nga data 1 gusht, uzina e \u00e7elikut ka ndaluar pun\u00ebn, dhe nga data 20 gusht do t\u00eb mbyllet edhe uzina e p\u00ebrpunimit.<\/p>\n<p>Por ende nuk \u00ebsht\u00eb b\u00ebr\u00eb e ditur se cila \u00ebsht\u00eb arsyeja e sakt\u00eb p\u00ebr mbylljen, n\u00ebse ka t\u00eb b\u00ebj\u00eb me probleme t\u00eb mbetjeve toksike ose ndonj\u00eb arsye tjet\u00ebr.<\/p>\n<p>\t\t<i><\/i><ins data-dcm-landing-page-escapes=\"0\" data-dcm-click-tracker=\"https:\/\/track.adform.net\/C\/?bn=73199340;adfibeg=0;cdata=wY0ZHC8ypbQniOq3Sj8hschgQeJ3VY4zU1bO9ulaUP_iCMviXuI_n4RPYRHBxkqVPVtGasWBO2DsQ97SqeB3vafpodL8HlhSS5QNXFy9YSXxjmdMEY9WqD7eKsUQLet9dO-UMsCLM2opnkTpCdy6-w2;;CREFURL=https%3a%2f%2feuro-pixel.com%2ftest.php;C=1;cpdir=\" class=\"dcmads\" data-dcm-placement=\"N571601.4773204ALBANIANPOST.COM\/B32392692.399829096\" data-dcm-rendering-mode=\"iframe\" data-dcm-https-only=\"\" data-dcm-api-frameworks=\"[APIFRAMEWORKS]\" data-dcm-omid-partner=\"[OMIDPARTNER]\" data-dcm-gdpr-applies=\"gdpr=\" data-dcm-gdpr-consent=\"gdpr_consent=\" data-dcm-addtl-consent=\"addtl_consent=${ADDTL_CONSENT}\" data-dcm-ltd=\"false\" data-dcm-resettable-device-id=\"\" data-dcm-app-id=\"\" data-dcm-processed=\"y\"><\/p>\n<p>\t\t<\/ins><\/p>\n<p>Pas mbylljes s\u00eb uzinave, 500 familje n\u00eb Elbasan do t\u00eb mbeten pa t\u00eb ardhura nga 20 gushti.<\/p>\n<p>Nuk ka pasur asnj\u00eb konfirmim nga drejtuesit e Kurum p\u00ebr vendimin e marr\u00eb, megjith\u00ebse thuhet se mbyllja e aktivitetit \u00ebsht\u00eb p\u00ebr shkak t\u00eb remontit.<\/p>\n<p>Kompania \u00ebsht\u00eb origjina e qindra ton mbetjeve t\u00eb dyshuara si t\u00eb rrezikshme q\u00eb jan\u00eb eksportuar nga porti i Durr\u00ebsit me destinacion Tajland\u00ebn, duke p\u00ebrhapur nj\u00eb alarm global.<\/p>\n<p>Prokuroria e Durr\u00ebsit ka nisur zyrtarisht hetimet p\u00ebr vepr\u00ebn penale \u201cKontraband\u00eb me mallra t\u00eb ndaluara ose t\u00eb kufizuara\u201d, lidhur me ngarkes\u00ebn e nisur nga Porti i Durr\u00ebsit, ku disa kontejner\u00eb me mbetje toksike kan\u00eb marr\u00eb udh\u00ebn.<\/p>\n<p>Sipas njoftimit zyrtar, Prokuroria pran\u00eb Gjykat\u00ebs s\u00eb Shkall\u00ebs s\u00eb Par\u00eb t\u00eb Juridiksionit t\u00eb P\u00ebrgjithsh\u00ebm Durr\u00ebs ka regjistruar procedimin penal nr.1596, dat\u00eb 16.08.2024, mbi baz\u00ebn e materialeve t\u00eb referuara nga Drejtoria e P\u00ebrgjithshme e Doganave p\u00ebr vepr\u00ebn penale \u201cKontraband\u00eb me mallra t\u00eb ndaluara ose t\u00eb kufizuara\u201d, parashikuar nga neni 171 i K.Penal n\u00eb lidhje me nj\u00eb ngarkes\u00eb t\u00eb nisur nga Porti i Durr\u00ebsit.<\/p>\n<p>Gjithashtu n\u00eb k\u00ebt\u00eb institucion, \u00ebsht\u00eb referuar materiali hetimor nga Drejtoria Vendore e Policis\u00eb Durr\u00ebs, p\u00ebr vepr\u00ebn penale \u201cTransportimi i mbetjeve\u201d, parashikuar nga neni 201\/b i Kodit Penal dhe \u201cShp\u00ebrdorimi i detyr\u00ebs\u201d, parashikuar nga neni 248 i Kodit Penal, ku referohen informacione t\u00eb marra nga media n\u00eb lidhje me k\u00ebt\u00eb ngarkes\u00eb p\u00ebr t\u00eb cil\u00ebn dyshohet se ka mbetje toksike.<\/p>\n<p>N\u00eb kuad\u00ebr t\u00eb k\u00ebtij procedimi penal, Prokuroria pran\u00eb Gjykat\u00ebs s\u00eb Shkall\u00ebs s\u00eb Par\u00eb t\u00eb Juridiksionit t\u00eb P\u00ebrgjithsh\u00ebm, Durr\u00ebs b\u00ebn me dije, se po kryhen veprime hetimore intensive n\u00eb bashk\u00ebpunim me Zyr\u00ebn Evropiane kund\u00ebr Mashtrimit Ekonomik (OLAF) dhe institucionet ligjzbatuese shqiptare e partner\u00ebt nd\u00ebrkomb\u00ebtar\u00eb, p\u00ebr t\u00eb sqaruar n\u00eb m\u00ebnyr\u00eb t\u00eb shpejt\u00eb dhe t\u00eb plot\u00eb t\u00eb gjitha rrethanat e ngjarjes.<\/p>\n<p>N\u00eb nj\u00eb njoftim t\u00eb m\u00ebparsh\u00ebm, Dogana shqiptare ka reaguar n\u00eb lidhje me publikimin e lajmit se n\u00eb prill Shqip\u00ebria i ka d\u00ebrguar Kin\u00ebs 115 kontejner\u00eb me\u00a0mbetje toksike.<\/p>\n<\/p>\n<p>Administrate doganore shqiptare sqaron se rasti i cituar nga media nuk \u00ebsht\u00eb produkt me origjin\u00eb nga Republika e Shqip\u00ebris\u00eb, por nj\u00eb tranzit nd\u00ebrkomb\u00ebtar nd\u00ebrmjet nj\u00eb firme nga Kosova dhe nj\u00eb firme zvicerane pa p\u00ebrfshirjen e asnj\u00eb firme nga Shqip\u00ebria.<\/p>\n<p>\u201cRasti i cituar nga media nuk \u00ebsht\u00eb eksport nga Shqip\u00ebria por nj\u00eb tranzit nd\u00ebrkomb\u00ebtar i produktit koncentrat zinku nga Kosova. Pra, produkti \u00ebsht\u00eb koncentrat zinku me origjin\u00eb nga Kosova\u00a0 me firm\u00eb d\u00ebrguese\/eksportuese Apelbaum shpk me adres\u00eb Rr. Fehmi Agani, Prishtin\u00eb\/Kosov\u00eb; Firma prit\u00ebse\/importuese \u00ebsht\u00eb ACHRO AG me baz\u00eb n\u00eb Steinhausen Switzerland\u201d.<\/p>\n<p>M\u00eb tej n\u00eb njoftim thuhet se \u201cfirma zvicerane ACHRO AG \u00ebsht\u00eb urdh\u00ebruese sipas BILL OF LOADING (B\/L) e kompanis\u00eb detare MAERSK p\u00ebr transportin e k\u00ebtij produkti (LOW GRADE ZINC CONCENTRATE) me destinacion firm\u00ebn prit\u00ebse GUANGXI LOGISTICS INDUSTRY INTERNATIONAL TRADE CO. LTD, NANNING, China\u201d.<\/p>\n<p>\u201cSa m\u00eb sip\u00ebr ritheksojm\u00eb se: Nuk \u00ebsht\u00eb produkt me origjin\u00eb nga Republika e Shqip\u00ebris\u00eb; Nuk \u00ebsht\u00eb eksport nga Shqip\u00ebria por nj\u00eb tranzit nd\u00ebrkomb\u00ebtar nd\u00ebrmjet nj\u00eb firme nga Kosova dhe nj\u00eb firme zvicerane pa p\u00ebrfshirjen e asnj\u00eb firme nga Shqip\u00ebria. ADSH si n\u00eb rastet e m\u00ebparsh\u00ebm por edhe n\u00eb k\u00ebt\u00eb rast, po shk\u00ebmben informacion intensiv si dhe po bashk\u00ebpunon ngusht\u00eb n\u00eb hetim t\u00eb p\u00ebrbashk\u00ebt me OLAF (Zyr\u00ebn e Luft\u00ebs kund\u00ebr Mashtrimeve t\u00eb BE-s\u00eb) si dhe organizma t\u00eb tjera ligj-zbatues\u201d.<\/p>\n<\/p>\n<p>\u00a0<\/p>\n<p>The post <a rel=\"nofollow\" href=\"https:\/\/albanianpost.com\/kurum-mbyll-uzinen-e-celikut-ne-elbasan\/\">Kurum mbyll uzin\u00ebn e \u00e7elikut n\u00eb Elbasan, 500 pun\u00ebtor\u00ebt njoftohen p\u00ebr nd\u00ebrprerjen e kontrat\u00ebs<\/a> appeared first on <a rel=\"nofollow\" href=\"https:\/\/albanianpost.com\/\">Albanian Post<\/a>.<\/p>\n","protected":false},"excerpt":{"rendered":"<p>Firma Kurum ka mbyllur aktivitetin e saj me pretendimin se \u00ebsht\u00eb n\u00eb proces remonti. 500 pun\u00ebtor\u00eb t\u00eb uzin\u00ebs s\u00eb \u00e7elikut dhe t\u00eb uzin\u00ebs s\u00eb p\u00ebrpunimit m\u00ebsohet se jan\u00eb njoftuar p\u00ebr nd\u00ebrprerjen e nj\u00ebanshme t\u00eb kontrat\u00ebs pa arsye zyrtare p\u00ebr pezullimin. K\u00ebshtu, nga data 1 gusht, uzina e \u00e7elikut ka ndaluar pun\u00ebn, dhe nga data 20 [&hellip;]<\/p>\n","protected":false},"author":1,"featured_media":8305,"comment_status":"open","ping_status":"open","sticky":false,"template":"","format":"standard","meta":{"footnotes":""},"categories":[1],"tags":[],"class_list":["post-8304","post","type-post","status-publish","format-standard","has-post-thumbnail","hentry","category-uncategorized"],"_links":{"self":[{"href":"https:\/\/radiogjilani.com\/index.php\/wp-json\/wp\/v2\/posts\/8304","targetHints":{"allow":["GET"]}}],"collection":[{"href":"https:\/\/radiogjilani.com\/index.php\/wp-json\/wp\/v2\/posts"}],"about":[{"href":"https:\/\/radiogjilani.com\/index.php\/wp-json\/wp\/v2\/types\/post"}],"author":[{"embeddable":true,"href":"https:\/\/radiogjilani.com\/index.php\/wp-json\/wp\/v2\/users\/1"}],"replies":[{"embeddable":true,"href":"https:\/\/radiogjilani.com\/index.php\/wp-json\/wp\/v2\/comments?post=8304"}],"version-history":[{"count":0,"href":"https:\/\/radiogjilani.com\/index.php\/wp-json\/wp\/v2\/posts\/8304\/revisions"}],"wp:featuredmedia":[{"embeddable":true,"href":"https:\/\/radiogjilani.com\/index.php\/wp-json\/wp\/v2\/media\/8305"}],"wp:attachment":[{"href":"https:\/\/radiogjilani.com\/index.php\/wp-json\/wp\/v2\/media?parent=8304"}],"wp:term":[{"taxonomy":"category","embeddable":true,"href":"https:\/\/radiogjilani.com\/index.php\/wp-json\/wp\/v2\/categories?post=8304"},{"taxonomy":"post_tag","embeddable":true,"href":"https:\/\/radiogjilani.com\/index.php\/wp-json\/wp\/v2\/tags?post=8304"}],"curies":[{"name":"wp","href":"https:\/\/api.w.org\/{rel}","templated":true}]}}