{"id":8306,"date":"2024-08-24T19:20:35","date_gmt":"2024-08-24T19:20:35","guid":{"rendered":"https:\/\/radiogjilani.com\/index.php\/2024\/08\/24\/i-vetmi-ja-cfare-thote-reperi-noizy-per-kengetarin-ledri-vula\/"},"modified":"2024-08-24T19:20:35","modified_gmt":"2024-08-24T19:20:35","slug":"i-vetmi-ja-cfare-thote-reperi-noizy-per-kengetarin-ledri-vula","status":"publish","type":"post","link":"https:\/\/radiogjilani.com\/index.php\/2024\/08\/24\/i-vetmi-ja-cfare-thote-reperi-noizy-per-kengetarin-ledri-vula\/","title":{"rendered":"\u2018I vetmi\u2019- Ja \u00e7far\u00eb thot\u00eb reperi Noizy p\u00ebr k\u00ebng\u00ebtarin Ledri Vula!"},"content":{"rendered":"<p><strong>Modelja me fam\u00eb bot\u00ebrore, Bella Hadid me t\u00eb v\u00ebrtet\u00eb ka nj\u00eb bukuri t\u00eb rrall\u00eb.<\/strong><\/p>\n<p>Nga dukje t\u00eb ndryshme, ekstravagante e klasike, ajo \u00ebsht\u00eb nj\u00ebra nd\u00ebr femrat m\u00eb t\u00eb bukura n\u00eb bot\u00eb.<\/p>\n<p>K\u00ebshtu ka d\u00ebshmuar ajo edhe p\u00ebrmes disa fotove t\u00eb fundit.<\/p>\n<p>Bella \u00ebsht\u00eb shfaqur pa grim, e n\u00eb pah i vihej bukuria natyrale.<\/p>\n<p><img loading=\"lazy\" decoding=\"async\" class=\"\" src=\"https:\/\/i.dailymail.co.uk\/1s\/2024\/08\/22\/22\/88830227-13770381-Bella_Hadid_posted_a_series_of_jealousy_inducing_shots_on_Instag-m-27_1724361663458.jpg\" width=\"607\" height=\"944\"><\/p>\n<ul class=\"op-related-articles\" title=\"Showtime\">\n<li><a href=\"https:\/\/gazetablic.com\/i-vetmi-ja-cfare-thote-reperi-noizy-per-kengetarin-ledri-vula\/\"><\/a><\/li>\n<li><a href=\"https:\/\/gazetablic.com\/tayna-e-fut-kalin-ne-dhomen-e-gjumit\/\"><\/a><\/li>\n<li><a href=\"https:\/\/gazetablic.com\/nje-bukuri-sikur-e-bella-hadidit\/\"><\/a><\/li>\n<\/ul>\n<p>The post <a rel=\"nofollow\" href=\"https:\/\/gazetablic.com\/nje-bukuri-sikur-e-bella-hadidit\/\">Nj\u00eb bukuri sikur e Bella Hadidit<\/a> appeared first on <a rel=\"nofollow\" href=\"https:\/\/gazetablic.com\/\">GazetaBlic<\/a>.<\/p>\n","protected":false},"excerpt":{"rendered":"<p>Modelja me fam\u00eb bot\u00ebrore, Bella Hadid me t\u00eb v\u00ebrtet\u00eb ka nj\u00eb bukuri t\u00eb rrall\u00eb. Nga dukje t\u00eb ndryshme, ekstravagante e klasike, ajo \u00ebsht\u00eb nj\u00ebra nd\u00ebr femrat m\u00eb t\u00eb bukura n\u00eb bot\u00eb. K\u00ebshtu ka d\u00ebshmuar ajo edhe p\u00ebrmes disa fotove t\u00eb fundit. Bella \u00ebsht\u00eb shfaqur pa grim, e n\u00eb pah i vihej bukuria natyrale. The post [&hellip;]<\/p>\n","protected":false},"author":1,"featured_media":8307,"comment_status":"open","ping_status":"open","sticky":false,"template":"","format":"standard","meta":{"footnotes":""},"categories":[22],"tags":[],"class_list":["post-8306","post","type-post","status-publish","format-standard","has-post-thumbnail","hentry","category-showbiz"],"_links":{"self":[{"href":"https:\/\/radiogjilani.com\/index.php\/wp-json\/wp\/v2\/posts\/8306","targetHints":{"allow":["GET"]}}],"collection":[{"href":"https:\/\/radiogjilani.com\/index.php\/wp-json\/wp\/v2\/posts"}],"about":[{"href":"https:\/\/radiogjilani.com\/index.php\/wp-json\/wp\/v2\/types\/post"}],"author":[{"embeddable":true,"href":"https:\/\/radiogjilani.com\/index.php\/wp-json\/wp\/v2\/users\/1"}],"replies":[{"embeddable":true,"href":"https:\/\/radiogjilani.com\/index.php\/wp-json\/wp\/v2\/comments?post=8306"}],"version-history":[{"count":0,"href":"https:\/\/radiogjilani.com\/index.php\/wp-json\/wp\/v2\/posts\/8306\/revisions"}],"wp:featuredmedia":[{"embeddable":true,"href":"https:\/\/radiogjilani.com\/index.php\/wp-json\/wp\/v2\/media\/8307"}],"wp:attachment":[{"href":"https:\/\/radiogjilani.com\/index.php\/wp-json\/wp\/v2\/media?parent=8306"}],"wp:term":[{"taxonomy":"category","embeddable":true,"href":"https:\/\/radiogjilani.com\/index.php\/wp-json\/wp\/v2\/categories?post=8306"},{"taxonomy":"post_tag","embeddable":true,"href":"https:\/\/radiogjilani.com\/index.php\/wp-json\/wp\/v2\/tags?post=8306"}],"curies":[{"name":"wp","href":"https:\/\/api.w.org\/{rel}","templated":true}]}}