{"id":8322,"date":"2024-08-25T19:18:54","date_gmt":"2024-08-25T19:18:54","guid":{"rendered":"https:\/\/radiogjilani.com\/index.php\/2024\/08\/25\/ish-diplomati-syla-nveri-nxehte\/"},"modified":"2024-08-25T19:18:54","modified_gmt":"2024-08-25T19:18:54","slug":"ish-diplomati-syla-nveri-nxehte","status":"publish","type":"post","link":"https:\/\/radiogjilani.com\/index.php\/2024\/08\/25\/ish-diplomati-syla-nveri-nxehte\/","title":{"rendered":"Ish-diplomati Syla: N\u2019veri nxeht\u00eb"},"content":{"rendered":"<p>Ish-konsulli i Kosov\u00ebs n\u00eb Kanada, Donat Syla p\u00ebrmes nj\u00eb video t\u00eb publikuar n\u00eb Facebook ka ironizuar me njer\u00ebzit e pushtetit q\u00eb s\u00eb fundmi u pan\u00eb fillimisht n\u00eb Liqenin e Ujmanit n\u00eb veri t\u00eb vendit, e m\u00eb pas p\u00ebr Ur\u00ebn e Ibrit. Syla thot\u00eb se n\u00eb pjes\u00ebn veriore \u00ebsht\u00eb \u201ce that\u00eb dhe i ka r\u00ebn\u00eb dielli\u201d, e n\u00eb pjes\u00ebn jugore ku ai ndodhet, n\u00eb Prishtin\u00eb, \u201c\u00ebsht\u00eb hije\u201d. N\u00eb videon e publikuar, Syla shihet bashk\u00eb me&#8230;<\/p>\n<p><a href=\"https:\/\/ekonomiaonline.com\/ish-diplomati-syla-nveri-nxehte\/\" rel=\"nofollow\">Source<\/a><\/p>\n","protected":false},"excerpt":{"rendered":"<p>Ish-konsulli i Kosov\u00ebs n\u00eb Kanada, Donat Syla p\u00ebrmes nj\u00eb video t\u00eb publikuar n\u00eb Facebook ka ironizuar me njer\u00ebzit e pushtetit q\u00eb s\u00eb fundmi u pan\u00eb fillimisht n\u00eb Liqenin e Ujmanit n\u00eb veri t\u00eb vendit, e m\u00eb pas p\u00ebr Ur\u00ebn e Ibrit. Syla thot\u00eb se n\u00eb pjes\u00ebn veriore \u00ebsht\u00eb \u201ce that\u00eb dhe i ka r\u00ebn\u00eb dielli\u201d, [&hellip;]<\/p>\n","protected":false},"author":1,"featured_media":8323,"comment_status":"open","ping_status":"open","sticky":false,"template":"","format":"standard","meta":{"footnotes":""},"categories":[19],"tags":[],"class_list":["post-8322","post","type-post","status-publish","format-standard","has-post-thumbnail","hentry","category-eko"],"_links":{"self":[{"href":"https:\/\/radiogjilani.com\/index.php\/wp-json\/wp\/v2\/posts\/8322","targetHints":{"allow":["GET"]}}],"collection":[{"href":"https:\/\/radiogjilani.com\/index.php\/wp-json\/wp\/v2\/posts"}],"about":[{"href":"https:\/\/radiogjilani.com\/index.php\/wp-json\/wp\/v2\/types\/post"}],"author":[{"embeddable":true,"href":"https:\/\/radiogjilani.com\/index.php\/wp-json\/wp\/v2\/users\/1"}],"replies":[{"embeddable":true,"href":"https:\/\/radiogjilani.com\/index.php\/wp-json\/wp\/v2\/comments?post=8322"}],"version-history":[{"count":0,"href":"https:\/\/radiogjilani.com\/index.php\/wp-json\/wp\/v2\/posts\/8322\/revisions"}],"wp:featuredmedia":[{"embeddable":true,"href":"https:\/\/radiogjilani.com\/index.php\/wp-json\/wp\/v2\/media\/8323"}],"wp:attachment":[{"href":"https:\/\/radiogjilani.com\/index.php\/wp-json\/wp\/v2\/media?parent=8322"}],"wp:term":[{"taxonomy":"category","embeddable":true,"href":"https:\/\/radiogjilani.com\/index.php\/wp-json\/wp\/v2\/categories?post=8322"},{"taxonomy":"post_tag","embeddable":true,"href":"https:\/\/radiogjilani.com\/index.php\/wp-json\/wp\/v2\/tags?post=8322"}],"curies":[{"name":"wp","href":"https:\/\/api.w.org\/{rel}","templated":true}]}}