{"id":8326,"date":"2024-08-25T19:18:52","date_gmt":"2024-08-25T19:18:52","guid":{"rendered":"https:\/\/radiogjilani.com\/index.php\/2024\/08\/25\/moti-ne-kosove-per-pese-ditet-e-ardhshme\/"},"modified":"2024-08-25T19:18:52","modified_gmt":"2024-08-25T19:18:52","slug":"moti-ne-kosove-per-pese-ditet-e-ardhshme","status":"publish","type":"post","link":"https:\/\/radiogjilani.com\/index.php\/2024\/08\/25\/moti-ne-kosove-per-pese-ditet-e-ardhshme\/","title":{"rendered":"Moti n\u00eb Kosov\u00eb p\u00ebr pes\u00eb dit\u00ebt e ardhshme"},"content":{"rendered":"<p>Instituti Hidrometeorologjik i Kosov\u00ebs (IHK) ka njoftuar se gjat\u00eb pes\u00eb dit\u00ebve t\u00eb ardhshme, n\u00eb Kosov\u00eb do t\u00eb mbaj\u00eb mot i ndryshuesh\u00ebm dhe relativisht i qet\u00eb. Sipas njoftimit, temperatura minimale gjat\u00eb jav\u00ebs do t\u00eb jet\u00eb 10 grad\u00eb celsius t\u00eb h\u00ebn\u00ebn, nd\u00ebrkaq maksimalja do t\u00eb arrij\u00eb n\u00eb 33 grad\u00eb t\u00eb h\u00ebn\u00ebn dhe t\u00eb mart\u00ebn. E h\u00ebn\u00eb- Mot me diell dhe vran\u00ebsira t\u00eb shp\u00ebrndara. Temperaturat minimale do t\u00eb l\u00ebvizin&#8230;<\/p>\n<p><a href=\"https:\/\/ekonomiaonline.com\/moti-ne-kosove-per-pese-ditet-e-ardhshme-4\/\" rel=\"nofollow\">Source<\/a><\/p>\n","protected":false},"excerpt":{"rendered":"<p>Instituti Hidrometeorologjik i Kosov\u00ebs (IHK) ka njoftuar se gjat\u00eb pes\u00eb dit\u00ebve t\u00eb ardhshme, n\u00eb Kosov\u00eb do t\u00eb mbaj\u00eb mot i ndryshuesh\u00ebm dhe relativisht i qet\u00eb. Sipas njoftimit, temperatura minimale gjat\u00eb jav\u00ebs do t\u00eb jet\u00eb 10 grad\u00eb celsius t\u00eb h\u00ebn\u00ebn, nd\u00ebrkaq maksimalja do t\u00eb arrij\u00eb n\u00eb 33 grad\u00eb t\u00eb h\u00ebn\u00ebn dhe t\u00eb mart\u00ebn. E h\u00ebn\u00eb- Mot [&hellip;]<\/p>\n","protected":false},"author":1,"featured_media":8327,"comment_status":"open","ping_status":"open","sticky":false,"template":"","format":"standard","meta":{"footnotes":""},"categories":[19],"tags":[],"class_list":["post-8326","post","type-post","status-publish","format-standard","has-post-thumbnail","hentry","category-eko"],"_links":{"self":[{"href":"https:\/\/radiogjilani.com\/index.php\/wp-json\/wp\/v2\/posts\/8326","targetHints":{"allow":["GET"]}}],"collection":[{"href":"https:\/\/radiogjilani.com\/index.php\/wp-json\/wp\/v2\/posts"}],"about":[{"href":"https:\/\/radiogjilani.com\/index.php\/wp-json\/wp\/v2\/types\/post"}],"author":[{"embeddable":true,"href":"https:\/\/radiogjilani.com\/index.php\/wp-json\/wp\/v2\/users\/1"}],"replies":[{"embeddable":true,"href":"https:\/\/radiogjilani.com\/index.php\/wp-json\/wp\/v2\/comments?post=8326"}],"version-history":[{"count":0,"href":"https:\/\/radiogjilani.com\/index.php\/wp-json\/wp\/v2\/posts\/8326\/revisions"}],"wp:featuredmedia":[{"embeddable":true,"href":"https:\/\/radiogjilani.com\/index.php\/wp-json\/wp\/v2\/media\/8327"}],"wp:attachment":[{"href":"https:\/\/radiogjilani.com\/index.php\/wp-json\/wp\/v2\/media?parent=8326"}],"wp:term":[{"taxonomy":"category","embeddable":true,"href":"https:\/\/radiogjilani.com\/index.php\/wp-json\/wp\/v2\/categories?post=8326"},{"taxonomy":"post_tag","embeddable":true,"href":"https:\/\/radiogjilani.com\/index.php\/wp-json\/wp\/v2\/tags?post=8326"}],"curies":[{"name":"wp","href":"https:\/\/api.w.org\/{rel}","templated":true}]}}