{"id":834,"date":"2024-04-07T19:08:27","date_gmt":"2024-04-07T19:08:27","guid":{"rendered":"https:\/\/radiogjilani.com\/index.php\/2024\/04\/07\/osmani-dy-muaj-para-kapitullimit-makineria-e-regjimit-gjenocidal-serb-intensifikoi-perpjekjet-per-shfarosjen-e-popullit-shqiptar\/"},"modified":"2024-04-07T19:08:27","modified_gmt":"2024-04-07T19:08:27","slug":"osmani-dy-muaj-para-kapitullimit-makineria-e-regjimit-gjenocidal-serb-intensifikoi-perpjekjet-per-shfarosjen-e-popullit-shqiptar","status":"publish","type":"post","link":"https:\/\/radiogjilani.com\/index.php\/2024\/04\/07\/osmani-dy-muaj-para-kapitullimit-makineria-e-regjimit-gjenocidal-serb-intensifikoi-perpjekjet-per-shfarosjen-e-popullit-shqiptar\/","title":{"rendered":"Osmani: Dy muaj para kapitullimit, makineria e regjimit gjenocidal serb intensifikoi p\u00ebrpjekjet p\u00ebr shfarosjen e popullit shqiptar"},"content":{"rendered":"<p>Presidentja e Kosov\u00ebs, Vjosa Osmani, ka kujtuar masakr\u00ebn e Polacit dhe t\u00eb Abris\u00eb s\u00eb Poshtme, derisa ka potencuar se makineria e regjimit gjenocidal t\u00eb Serbis\u00eb afro dy muaj para kapitullimit t\u00eb saj, intensifikoi p\u00ebrpjekjet p\u00ebr shfarosjen e popullit shqiptar dhe spastrimin etnik anemban\u00eb Kosov\u00ebs.<\/p>\n<p>\u201cPolaci dhe Kosova sot kujtojn\u00eb prillin e vitit 1999, kur regjimi gjenocidal i Serbis\u00eb n\u00eb nj\u00eb ofensiv\u00eb nj\u00ebjavore, vrau 78 martir\u00eb t\u00eb k\u00ebtij fshati dhe atyre p\u00ebrreth. Sot i kujtojm\u00eb dhe p\u00ebrulemi me respekt edhe p\u00ebr 8 d\u00ebshmor\u00ebt e U\u00c7K-s\u00eb, t\u00eb cil\u00ebt ran\u00eb n\u00eb altarin e liris\u00eb. M\u00eb 7 prill makineria vrastare nj\u00ebsoj veproi edhe n\u00eb Abri t\u00eb Poshtme, ku u vran\u00eb 10 civil\u00eb nga Qabiqi\u201d, ka shkruar Osmani.<\/p>\n<p>E para e shtetit ka shtuar se duke p\u00ebrkujtuar martir\u00ebt dhe d\u00ebshmor\u00ebt e U\u00c7K-s\u00eb, nderohet e kaluara, mbahet gjall\u00eb e v\u00ebrteta dhe se ndalet p\u00ebrkushtimi p\u00ebr sjelljen e autor\u00ebve para drejt\u00ebsis\u00eb.<\/p>\n<p>\u201cDuke p\u00ebrkujtuar martir\u00ebt dhe d\u00ebshmor\u00ebt e U\u00c7K-s\u00eb, ne nderojm\u00eb t\u00eb kaluar\u00ebn ton\u00eb, mbajm\u00eb gjall\u00eb t\u00eb v\u00ebrtet\u00ebn dhe se ndalim p\u00ebrkushtimin p\u00ebr sjelljen e autor\u00ebve para drejt\u00ebsis\u00eb. Qoft\u00eb i p\u00ebrhersh\u00ebm kujtimi p\u00ebr t\u00eb gjith\u00eb t\u00eb r\u00ebn\u00ebt p\u00ebr liri\u201d.<\/p>\n<p>The post <a rel=\"nofollow\" href=\"https:\/\/albanianpost.com\/osmani-dy-muaj-para-kapitullimit-makineria-e-regjimit-gjenocidal-te-serbise-intensifikoi-perpjekjet-per-shfarosjen-e-popullit-shqiptar\/\">Osmani: Dy muaj para kapitullimit, makineria e regjimit gjenocidal serb intensifikoi p\u00ebrpjekjet p\u00ebr shfarosjen e popullit shqiptar<\/a> appeared first on <a rel=\"nofollow\" href=\"https:\/\/albanianpost.com\/\">Albanian Post<\/a>.<\/p>\n","protected":false},"excerpt":{"rendered":"<p>Presidentja e Kosov\u00ebs, Vjosa Osmani, ka kujtuar masakr\u00ebn e Polacit dhe t\u00eb Abris\u00eb s\u00eb Poshtme, derisa ka potencuar se makineria e regjimit gjenocidal t\u00eb Serbis\u00eb afro dy muaj para kapitullimit t\u00eb saj, intensifikoi p\u00ebrpjekjet p\u00ebr shfarosjen e popullit shqiptar dhe spastrimin etnik anemban\u00eb Kosov\u00ebs. \u201cPolaci dhe Kosova sot kujtojn\u00eb prillin e vitit 1999, kur regjimi [&hellip;]<\/p>\n","protected":false},"author":1,"featured_media":835,"comment_status":"open","ping_status":"open","sticky":false,"template":"","format":"standard","meta":{"footnotes":""},"categories":[1],"tags":[],"class_list":["post-834","post","type-post","status-publish","format-standard","has-post-thumbnail","hentry","category-uncategorized"],"_links":{"self":[{"href":"https:\/\/radiogjilani.com\/index.php\/wp-json\/wp\/v2\/posts\/834","targetHints":{"allow":["GET"]}}],"collection":[{"href":"https:\/\/radiogjilani.com\/index.php\/wp-json\/wp\/v2\/posts"}],"about":[{"href":"https:\/\/radiogjilani.com\/index.php\/wp-json\/wp\/v2\/types\/post"}],"author":[{"embeddable":true,"href":"https:\/\/radiogjilani.com\/index.php\/wp-json\/wp\/v2\/users\/1"}],"replies":[{"embeddable":true,"href":"https:\/\/radiogjilani.com\/index.php\/wp-json\/wp\/v2\/comments?post=834"}],"version-history":[{"count":0,"href":"https:\/\/radiogjilani.com\/index.php\/wp-json\/wp\/v2\/posts\/834\/revisions"}],"wp:featuredmedia":[{"embeddable":true,"href":"https:\/\/radiogjilani.com\/index.php\/wp-json\/wp\/v2\/media\/835"}],"wp:attachment":[{"href":"https:\/\/radiogjilani.com\/index.php\/wp-json\/wp\/v2\/media?parent=834"}],"wp:term":[{"taxonomy":"category","embeddable":true,"href":"https:\/\/radiogjilani.com\/index.php\/wp-json\/wp\/v2\/categories?post=834"},{"taxonomy":"post_tag","embeddable":true,"href":"https:\/\/radiogjilani.com\/index.php\/wp-json\/wp\/v2\/tags?post=834"}],"curies":[{"name":"wp","href":"https:\/\/api.w.org\/{rel}","templated":true}]}}