{"id":8342,"date":"2024-08-25T19:20:07","date_gmt":"2024-08-25T19:20:07","guid":{"rendered":"https:\/\/radiogjilani.com\/index.php\/2024\/08\/25\/simon-calder-gazetar-i-bbc-shqiperia-ylli-i-ketij-viti-ne-turizem\/"},"modified":"2024-08-25T19:20:07","modified_gmt":"2024-08-25T19:20:07","slug":"simon-calder-gazetar-i-bbc-shqiperia-ylli-i-ketij-viti-ne-turizem","status":"publish","type":"post","link":"https:\/\/radiogjilani.com\/index.php\/2024\/08\/25\/simon-calder-gazetar-i-bbc-shqiperia-ylli-i-ketij-viti-ne-turizem\/","title":{"rendered":"Simon Calder, gazetar i BBC: Shqip\u00ebria \u2018ylli i k\u00ebtij viti\u2019 n\u00eb turiz\u00ebm"},"content":{"rendered":"<p>Shqip\u00ebria \u00ebsht\u00eb vendosur s\u00ebrishmi n\u00eb qend\u00ebr t\u00eb v\u00ebmendjes s\u00eb mediave nd\u00ebrkomb\u00ebtare si destinacion turistik.<\/p>\n<p>Gazetari i BBC dhe Independent, Simon Calder, i cili nuk nguron t\u00eb promovoj\u00eb bregdetin shqiptar, ua rekomandon t\u00eb gjith\u00ebve n\u00eb Britanin\u00eb e Madhe.<\/p>\n<p>M\u00eb her\u00ebt, Kryeministri Edi Rama publikoi intervist\u00ebn e Calder, n\u00eb t\u00eb cil\u00ebn theksohet se Shqip\u00ebria \u00ebsht\u00eb \u201cylli i k\u00ebtij viti\u201d n\u00eb turiz\u00ebm.<\/p>\n<p>\u201cN\u00ebse po k\u00ebrkon di\u00e7ka t\u00eb p\u00ebrballueshme shkoni n\u00eb Portugali. Ata kan\u00eb nj\u00eb ofert\u00eb t\u00eb shk\u00eblqyer ose n\u00eb Lindje, n\u00eb Bullgari, apo Maqedonin\u00eb e Veriut. Dhe \u2018ylli\u2019 i k\u00ebtij viti \u00ebsht\u00eb Shqip\u00ebria\u201d, thot\u00eb ai, teksa po jepte k\u00ebshilla p\u00ebr zgjedhjen e vendeve p\u00ebr t\u00eb pushuar.<\/p>\n<p>\t\t<i><\/i><ins data-dcm-landing-page-escapes=\"0\" data-dcm-click-tracker=\"https:\/\/track.adform.net\/C\/?bn=73199340;adfibeg=0;cdata=wY0ZHC8ypbQniOq3Sj8hschgQeJ3VY4zU1bO9ulaUP_iCMviXuI_n4RPYRHBxkqVPVtGasWBO2DsQ97SqeB3vafpodL8HlhSS5QNXFy9YSXxjmdMEY9WqD7eKsUQLet9dO-UMsCLM2opnkTpCdy6-w2;;CREFURL=https%3a%2f%2feuro-pixel.com%2ftest.php;C=1;cpdir=\" class=\"dcmads\" data-dcm-placement=\"N571601.4773204ALBANIANPOST.COM\/B32392692.399829096\" data-dcm-rendering-mode=\"iframe\" data-dcm-https-only=\"\" data-dcm-api-frameworks=\"[APIFRAMEWORKS]\" data-dcm-omid-partner=\"[OMIDPARTNER]\" data-dcm-gdpr-applies=\"gdpr=\" data-dcm-gdpr-consent=\"gdpr_consent=\" data-dcm-addtl-consent=\"addtl_consent=${ADDTL_CONSENT}\" data-dcm-ltd=\"false\" data-dcm-resettable-device-id=\"\" data-dcm-app-id=\"\" data-dcm-processed=\"y\"><\/p>\n<p>\t\t<\/ins><\/p>\n<p>\u201cE \u00e7far\u00eb vler\u00ebsimi m\u00eb dometh\u00ebn\u00ebs mund t\u2019i b\u00ebhej Shqip\u00ebris\u00eb teksa sezoni i ver\u00ebs po mbyllet, se sa nga Simon Calder, gazetari i famsh\u00ebm i mediave britanike si BBC dhe Independent, i cili zbulimin e vendit ton\u00eb e ka nisur dekada m\u00eb par\u00eb, me vizitat e para si reporter kurioz p\u00ebrpara viteve \u201890 n\u00eb Shqip\u00ebrin\u00eb e nj\u00eb tjet\u00ebr kohe, nd\u00ebrsa s\u00eb fundi \u00ebsht\u00eb b\u00ebr\u00eb \u2018tifoz\u2019 i bregdetit shqiptar, duke ua k\u00ebshilluar t\u00eb gjith\u00ebve n\u00eb Britanin\u00eb e Madhe si \u2018yllin e k\u00ebtij viti\u2019 n\u00eb turiz\u00ebm\u201d, u shpreh Rama.<\/p>\n<p>Pak dit\u00eb m\u00eb par\u00eb, n\u00eb t\u00eb p\u00ebrditshmen britanike \u201cDaily Express\u201d \u00ebsht\u00eb shkruar p\u00ebr \u2018Dh\u00ebrmiun e magjish\u00ebm\u2019.<\/p>\n<p>\u201cKy fshat bregdetar ka nj\u00eb plazh t\u00eb mahnitsh\u00ebm dhe nj\u00eb jet\u00eb t\u00eb gjall\u00eb t\u00eb nat\u00ebs, dhe \u00ebsht\u00eb shum\u00eb m\u00eb pak i populluar me vizitor\u00eb se Greqia\u201d.<\/p>\n<p>N\u00eb artikull thuhet se mund t\u00eb jet\u00eb e v\u00ebshtir\u00eb t\u00eb gjesh destinacione t\u00eb reja dhe emocionuese p\u00ebr t\u00eb pushuar \u2013 q\u00eb ende ofrojn\u00eb diell dhe det, ve\u00e7an\u00ebrisht n\u00ebse d\u00ebshironi t\u00eb q\u00ebndroni brenda Evrop\u00ebs.<\/p>\n<p>Shum\u00eb vendpushime me diell n\u00eb kontinent priren t\u00eb jen\u00eb t\u00eb mbipopulluara me turist\u00eb gjat\u00eb muajve t\u00eb ver\u00ebs.<\/p>\n<p>Dh\u00ebrmiu \u00ebsht\u00eb nj\u00eb fshat i bukur bregdetar n\u00eb qarkun e Vlor\u00ebs, Shqip\u00ebri \u2013 i cili \u00ebsht\u00eb po aq magjeps\u00ebs sa Greqia \u2013 por nuk \u00ebsht\u00eb aq i mbushur me turist\u00eb sa destinacionet e af\u00ebrta si ishulli grek, Korfuzi.<\/p>\n<p>Ai \u00ebsht\u00eb pjes\u00eb e qarkut t\u00eb Himar\u00ebs dhe ndodhet rreth 40 minuta larg me makin\u00eb nga qyteti i Vlor\u00ebs \u2013 qyteti i tret\u00eb m\u00eb i madh n\u00eb Shqip\u00ebri.<\/p>\n<p>Plazhi ka nj\u00eb rrip idilik t\u00eb bardh\u00eb r\u00ebre \u2013 q\u00eb bie n\u00eb kontrast t\u00eb p\u00ebrkryer me detin e kristalt\u00eb bruz.<\/p>\n<p>Ju mund t\u00eb paguani p\u00ebr nj\u00eb shtrat dielli n\u00eb plazh ose, p\u00ebr ata q\u00eb preferojn\u00eb nj\u00eb p\u00ebrvoj\u00eb m\u00eb natyrale, ekzistojn\u00eb hap\u00ebsira p\u00ebr t\u00eb vendosur nj\u00eb peshqir dhe p\u00ebr t\u2019u shtrir\u00eb n\u00eb r\u00ebr\u00eb.<\/p>\n<p>\u201cP\u00ebr mua Shqip\u00ebria ka qen\u00eb p\u00ebrvoja m\u00eb e mir\u00eb. \u00c7mime t\u00eb arsyeshme, por mbi mesataren\u201d, tha Alexandre S nga TripAdvisor.<\/p>\n<p>\u201cNj\u00eb vend shum\u00eb i qet\u00eb \u2013 p\u00ebr ata q\u00eb duan t\u00eb pushojn\u00eb. Gjithashtu baret dhe restorantet kan\u00eb \u00e7mimin e duhur p\u00ebr cil\u00ebsin\u00eb q\u00eb ofrojn\u00eb\u201d, shtoi ai.<\/p>\n<p>Shum\u00eb ekspert\u00eb t\u00eb udh\u00ebtimit e kan\u00eb krahasuar p\u00ebrvoj\u00ebn e Dh\u00ebrmiut me Santorinin e Greqis\u00eb, por me kosto m\u00eb t\u00eb p\u00ebrballueshme.<\/p>\n<p>Fshati bregdetar ka sht\u00ebpi t\u00eb bardha, kisha me kupol\u00eb blu \u2013 dhe \u00ebsht\u00eb nj\u00eb nga vendet m\u00eb t\u00eb bukura n\u00eb Shqip\u00ebri p\u00ebr t\u00eb zbuluar arkitektur\u00ebn vendase.<\/p>\n<p>Shumica e njer\u00ebzve q\u00eb jetojn\u00eb n\u00eb fshat jan\u00eb etnikisht grek\u00eb \u2013 dhe kjo kultur\u00eb \u00ebsht\u00eb e dukshme p\u00ebrreth fshatit, k\u00ebshtu q\u00eb nuk \u00ebsht\u00eb \u00e7udi q\u00eb shpesh Dh\u00ebrmiu t\u00eb krahasohet me Santorinin.<\/p>\n<p>P\u00ebrve\u00e7 plazheve me r\u00ebr\u00eb dhe arkitektur\u00ebs s\u00eb tij t\u00eb mrekullueshme \u2013 fshati ofron nj\u00eb jet\u00eb mjaft t\u00eb gjall\u00eb nate.<\/p>\n<p>Me baret dhe klubet e plazhit, ka shum\u00eb opsione p\u00ebr vizitor\u00ebt q\u00eb duan t\u00eb kalojn\u00eb momente t\u00eb bukura.<\/p>\n<p>Fshati bregdetar ofron edhe shum\u00eb restorante \u2013 ku sh\u00ebrbehet kuzhina tradicionale shqiptare me nj\u00eb shije unike.<\/p>\n<p>Ushqimi shqiptar ka ngjashm\u00ebri me at\u00eb grek, duke p\u00ebrfshir\u00eb jogurtin, ullinjt\u00eb, qep\u00ebt, arrat dhe hudhrat n\u00eb shum\u00eb prej pjatave.<\/p>\n<p>\u201cN\u00ebse jeni duke k\u00ebrkuar p\u00ebr nj\u00eb destinacion pushimi me nj\u00eb klim\u00eb t\u00eb nxeht\u00eb, nj\u00eb plazh t\u00eb bukur dhe jet\u00eb t\u00eb gjall\u00eb nate, mos k\u00ebrkoni m\u00eb larg se Dh\u00ebrmiu!\u201d<\/p>\n<p>The post <a rel=\"nofollow\" href=\"https:\/\/albanianpost.com\/simon-calder-gazetar-i-bbc-shqiperia-ylli-i-ketij-viti-ne-turizem\/\">Simon Calder, gazetar i BBC: Shqip\u00ebria \u2018ylli i k\u00ebtij viti\u2019 n\u00eb turiz\u00ebm<\/a> appeared first on <a rel=\"nofollow\" href=\"https:\/\/albanianpost.com\/\">Albanian Post<\/a>.<\/p>\n","protected":false},"excerpt":{"rendered":"<p>Shqip\u00ebria \u00ebsht\u00eb vendosur s\u00ebrishmi n\u00eb qend\u00ebr t\u00eb v\u00ebmendjes s\u00eb mediave nd\u00ebrkomb\u00ebtare si destinacion turistik. Gazetari i BBC dhe Independent, Simon Calder, i cili nuk nguron t\u00eb promovoj\u00eb bregdetin shqiptar, ua rekomandon t\u00eb gjith\u00ebve n\u00eb Britanin\u00eb e Madhe. M\u00eb her\u00ebt, Kryeministri Edi Rama publikoi intervist\u00ebn e Calder, n\u00eb t\u00eb cil\u00ebn theksohet se Shqip\u00ebria \u00ebsht\u00eb \u201cylli i [&hellip;]<\/p>\n","protected":false},"author":1,"featured_media":8343,"comment_status":"open","ping_status":"open","sticky":false,"template":"","format":"standard","meta":{"footnotes":""},"categories":[1],"tags":[],"class_list":["post-8342","post","type-post","status-publish","format-standard","has-post-thumbnail","hentry","category-uncategorized"],"_links":{"self":[{"href":"https:\/\/radiogjilani.com\/index.php\/wp-json\/wp\/v2\/posts\/8342","targetHints":{"allow":["GET"]}}],"collection":[{"href":"https:\/\/radiogjilani.com\/index.php\/wp-json\/wp\/v2\/posts"}],"about":[{"href":"https:\/\/radiogjilani.com\/index.php\/wp-json\/wp\/v2\/types\/post"}],"author":[{"embeddable":true,"href":"https:\/\/radiogjilani.com\/index.php\/wp-json\/wp\/v2\/users\/1"}],"replies":[{"embeddable":true,"href":"https:\/\/radiogjilani.com\/index.php\/wp-json\/wp\/v2\/comments?post=8342"}],"version-history":[{"count":0,"href":"https:\/\/radiogjilani.com\/index.php\/wp-json\/wp\/v2\/posts\/8342\/revisions"}],"wp:featuredmedia":[{"embeddable":true,"href":"https:\/\/radiogjilani.com\/index.php\/wp-json\/wp\/v2\/media\/8343"}],"wp:attachment":[{"href":"https:\/\/radiogjilani.com\/index.php\/wp-json\/wp\/v2\/media?parent=8342"}],"wp:term":[{"taxonomy":"category","embeddable":true,"href":"https:\/\/radiogjilani.com\/index.php\/wp-json\/wp\/v2\/categories?post=8342"},{"taxonomy":"post_tag","embeddable":true,"href":"https:\/\/radiogjilani.com\/index.php\/wp-json\/wp\/v2\/tags?post=8342"}],"curies":[{"name":"wp","href":"https:\/\/api.w.org\/{rel}","templated":true}]}}