{"id":8380,"date":"2024-08-26T19:18:00","date_gmt":"2024-08-26T19:18:00","guid":{"rendered":"https:\/\/radiogjilani.com\/index.php\/2024\/08\/26\/abdixhiku-ne-takim-lamtumires-me-shefin-e-osbe-se-ne-kosove-e-falederon-per-mbeshtetjen-ndaj-vendit\/"},"modified":"2024-08-26T19:18:00","modified_gmt":"2024-08-26T19:18:00","slug":"abdixhiku-ne-takim-lamtumires-me-shefin-e-osbe-se-ne-kosove-e-falederon-per-mbeshtetjen-ndaj-vendit","status":"publish","type":"post","link":"https:\/\/radiogjilani.com\/index.php\/2024\/08\/26\/abdixhiku-ne-takim-lamtumires-me-shefin-e-osbe-se-ne-kosove-e-falederon-per-mbeshtetjen-ndaj-vendit\/","title":{"rendered":"Abdixhiku n\u00eb takim lamtumir\u00ebs me shefin e OSBE-s\u00eb n\u00eb Kosov\u00eb, e fal\u00ebderon p\u00ebr mb\u00ebshtetjen ndaj vendit"},"content":{"rendered":"<p>Kryetari i Lidhjes Demokratike t\u00eb Kosov\u00ebs Lumir Abdixhiku e ka pritur n\u00eb takim lamtumir\u00ebs shefin e Misionit t\u00eb OSBE-s\u00eb n\u00eb Kosov\u00eb, Michael Davenport. Abdixhiku shprehu mir\u00ebnjohjen e thell\u00eb p\u00ebr kontributin e Davenport dhe t\u00eb Misionit t\u00eb OSBE-s\u00eb, n\u00eb mb\u00ebshtetjen e institucioneve dhe zhvillimin demokratik t\u00eb Kosov\u00ebs, si\u00e7 njoftoi LDK-ja n\u00eb Facebook. \u201cKryetari Abdixhiku vler\u00ebsoi lart\u00eb bashk\u00ebpunimin e&#8230;<\/p>\n<p><a href=\"https:\/\/ekonomiaonline.com\/abdixhiku-ne-takim-lamtumires-me-shefin-e-osbe-se-ne-kosove-e-falederon-per-mbeshtetjen-ndaj-vendit\/\" rel=\"nofollow\">Source<\/a><\/p>\n","protected":false},"excerpt":{"rendered":"<p>Kryetari i Lidhjes Demokratike t\u00eb Kosov\u00ebs Lumir Abdixhiku e ka pritur n\u00eb takim lamtumir\u00ebs shefin e Misionit t\u00eb OSBE-s\u00eb n\u00eb Kosov\u00eb, Michael Davenport. Abdixhiku shprehu mir\u00ebnjohjen e thell\u00eb p\u00ebr kontributin e Davenport dhe t\u00eb Misionit t\u00eb OSBE-s\u00eb, n\u00eb mb\u00ebshtetjen e institucioneve dhe zhvillimin demokratik t\u00eb Kosov\u00ebs, si\u00e7 njoftoi LDK-ja n\u00eb Facebook. \u201cKryetari Abdixhiku vler\u00ebsoi lart\u00eb [&hellip;]<\/p>\n","protected":false},"author":1,"featured_media":8381,"comment_status":"open","ping_status":"open","sticky":false,"template":"","format":"standard","meta":{"footnotes":""},"categories":[19],"tags":[],"class_list":["post-8380","post","type-post","status-publish","format-standard","has-post-thumbnail","hentry","category-eko"],"_links":{"self":[{"href":"https:\/\/radiogjilani.com\/index.php\/wp-json\/wp\/v2\/posts\/8380","targetHints":{"allow":["GET"]}}],"collection":[{"href":"https:\/\/radiogjilani.com\/index.php\/wp-json\/wp\/v2\/posts"}],"about":[{"href":"https:\/\/radiogjilani.com\/index.php\/wp-json\/wp\/v2\/types\/post"}],"author":[{"embeddable":true,"href":"https:\/\/radiogjilani.com\/index.php\/wp-json\/wp\/v2\/users\/1"}],"replies":[{"embeddable":true,"href":"https:\/\/radiogjilani.com\/index.php\/wp-json\/wp\/v2\/comments?post=8380"}],"version-history":[{"count":0,"href":"https:\/\/radiogjilani.com\/index.php\/wp-json\/wp\/v2\/posts\/8380\/revisions"}],"wp:featuredmedia":[{"embeddable":true,"href":"https:\/\/radiogjilani.com\/index.php\/wp-json\/wp\/v2\/media\/8381"}],"wp:attachment":[{"href":"https:\/\/radiogjilani.com\/index.php\/wp-json\/wp\/v2\/media?parent=8380"}],"wp:term":[{"taxonomy":"category","embeddable":true,"href":"https:\/\/radiogjilani.com\/index.php\/wp-json\/wp\/v2\/categories?post=8380"},{"taxonomy":"post_tag","embeddable":true,"href":"https:\/\/radiogjilani.com\/index.php\/wp-json\/wp\/v2\/tags?post=8380"}],"curies":[{"name":"wp","href":"https:\/\/api.w.org\/{rel}","templated":true}]}}