{"id":8394,"date":"2024-08-27T19:28:13","date_gmt":"2024-08-27T19:28:13","guid":{"rendered":"https:\/\/radiogjilani.com\/index.php\/2024\/08\/27\/pse-nuk-ka-mobilizim-me-te-madh-ne-mbrojtje-te-shtetit\/"},"modified":"2024-08-27T19:28:13","modified_gmt":"2024-08-27T19:28:13","slug":"pse-nuk-ka-mobilizim-me-te-madh-ne-mbrojtje-te-shtetit","status":"publish","type":"post","link":"https:\/\/radiogjilani.com\/index.php\/2024\/08\/27\/pse-nuk-ka-mobilizim-me-te-madh-ne-mbrojtje-te-shtetit\/","title":{"rendered":"Pse nuk ka mobilizim m\u00eb t\u00eb madh n\u00eb mbrojtje t\u00eb shtetit?"},"content":{"rendered":"<p>Rritja qesharake e rrog\u00ebs prej 6.8 euro pak kujt i b\u00ebn p\u00ebrshtypje. Pse? Sepse grupe t\u00eb m\u00ebdha t\u00eb njer\u00ebzve n\u00eb Kosov\u00eb nuk varen fare prej rrog\u00ebs. Kjo \u00ebsht\u00eb edhe arsyeja pse nuk ka as mobilizim m\u00eb t\u00eb madh n\u00eb mbrojtje t\u00eb shtetit. M\u00eb posht\u00eb e kam ilustruar k\u00ebt\u00eb gjendje&#8230;<\/p>\n<p><a href=\"https:\/\/ekonomiaonline.com\/pse-nuk-ka-mobilizim-me-te-madh-ne-mbrojtje-te-shtetit\/\" rel=\"nofollow\">Source<\/a><\/p>\n","protected":false},"excerpt":{"rendered":"<p>Rritja qesharake e rrog\u00ebs prej 6.8 euro pak kujt i b\u00ebn p\u00ebrshtypje. Pse? Sepse grupe t\u00eb m\u00ebdha t\u00eb njer\u00ebzve n\u00eb Kosov\u00eb nuk varen fare prej rrog\u00ebs. Kjo \u00ebsht\u00eb edhe arsyeja pse nuk ka as mobilizim m\u00eb t\u00eb madh n\u00eb mbrojtje t\u00eb shtetit. M\u00eb posht\u00eb e kam ilustruar k\u00ebt\u00eb gjendje&#8230; Source<\/p>\n","protected":false},"author":1,"featured_media":8395,"comment_status":"open","ping_status":"open","sticky":false,"template":"","format":"standard","meta":{"footnotes":""},"categories":[19],"tags":[],"class_list":["post-8394","post","type-post","status-publish","format-standard","has-post-thumbnail","hentry","category-eko"],"_links":{"self":[{"href":"https:\/\/radiogjilani.com\/index.php\/wp-json\/wp\/v2\/posts\/8394","targetHints":{"allow":["GET"]}}],"collection":[{"href":"https:\/\/radiogjilani.com\/index.php\/wp-json\/wp\/v2\/posts"}],"about":[{"href":"https:\/\/radiogjilani.com\/index.php\/wp-json\/wp\/v2\/types\/post"}],"author":[{"embeddable":true,"href":"https:\/\/radiogjilani.com\/index.php\/wp-json\/wp\/v2\/users\/1"}],"replies":[{"embeddable":true,"href":"https:\/\/radiogjilani.com\/index.php\/wp-json\/wp\/v2\/comments?post=8394"}],"version-history":[{"count":0,"href":"https:\/\/radiogjilani.com\/index.php\/wp-json\/wp\/v2\/posts\/8394\/revisions"}],"wp:featuredmedia":[{"embeddable":true,"href":"https:\/\/radiogjilani.com\/index.php\/wp-json\/wp\/v2\/media\/8395"}],"wp:attachment":[{"href":"https:\/\/radiogjilani.com\/index.php\/wp-json\/wp\/v2\/media?parent=8394"}],"wp:term":[{"taxonomy":"category","embeddable":true,"href":"https:\/\/radiogjilani.com\/index.php\/wp-json\/wp\/v2\/categories?post=8394"},{"taxonomy":"post_tag","embeddable":true,"href":"https:\/\/radiogjilani.com\/index.php\/wp-json\/wp\/v2\/tags?post=8394"}],"curies":[{"name":"wp","href":"https:\/\/api.w.org\/{rel}","templated":true}]}}