{"id":8400,"date":"2024-08-27T19:28:10","date_gmt":"2024-08-27T19:28:10","guid":{"rendered":"https:\/\/radiogjilani.com\/index.php\/2024\/08\/27\/admirali-amerikan-munsch-takon-kurtin-flasin-per-dialogun-kosove-serbi\/"},"modified":"2024-08-27T19:28:10","modified_gmt":"2024-08-27T19:28:10","slug":"admirali-amerikan-munsch-takon-kurtin-flasin-per-dialogun-kosove-serbi","status":"publish","type":"post","link":"https:\/\/radiogjilani.com\/index.php\/2024\/08\/27\/admirali-amerikan-munsch-takon-kurtin-flasin-per-dialogun-kosove-serbi\/","title":{"rendered":"Admirali amerikan Munsch takon Kurtin, flasin p\u00ebr dialogun Kosov\u00eb -Serbi"},"content":{"rendered":"<p>Admirali amerikan Stuart Munsch \u00ebsht\u00eb takuar sot n\u00eb Prishtin\u00eb edhe me kryeministrin e Kosov\u00ebs, Albin Kurtin. Si\u00e7 b\u00ebhet e ditur n\u00eb komunikat\u00eb p\u00ebr media nga Komanda e Napolit, biseda ka qen\u00eb e fokusuar n\u00eb aktivitetet e KFOR-it n\u00eb mb\u00ebshtetje t\u00eb nj\u00eb sigurie t\u00eb q\u00ebndrueshme p\u00ebr t\u00eb gjitha komunitetet p\u00ebrmes p\u00ebrkrahjes s\u00eb NATO-s p\u00ebr dialogun Kosov\u00eb-Serbi t\u00eb leht\u00ebsuar nga BE-ja. \u201cKomandanti i JFC Naples&#8230;<\/p>\n<p><a href=\"https:\/\/ekonomiaonline.com\/admirali-amerikan-munsch-takon-kurtin-flasin-per-dialogun-kosove-serbi\/\" rel=\"nofollow\">Source<\/a><\/p>\n","protected":false},"excerpt":{"rendered":"<p>Admirali amerikan Stuart Munsch \u00ebsht\u00eb takuar sot n\u00eb Prishtin\u00eb edhe me kryeministrin e Kosov\u00ebs, Albin Kurtin. Si\u00e7 b\u00ebhet e ditur n\u00eb komunikat\u00eb p\u00ebr media nga Komanda e Napolit, biseda ka qen\u00eb e fokusuar n\u00eb aktivitetet e KFOR-it n\u00eb mb\u00ebshtetje t\u00eb nj\u00eb sigurie t\u00eb q\u00ebndrueshme p\u00ebr t\u00eb gjitha komunitetet p\u00ebrmes p\u00ebrkrahjes s\u00eb NATO-s p\u00ebr dialogun Kosov\u00eb-Serbi [&hellip;]<\/p>\n","protected":false},"author":1,"featured_media":8401,"comment_status":"open","ping_status":"open","sticky":false,"template":"","format":"standard","meta":{"footnotes":""},"categories":[19],"tags":[],"class_list":["post-8400","post","type-post","status-publish","format-standard","has-post-thumbnail","hentry","category-eko"],"_links":{"self":[{"href":"https:\/\/radiogjilani.com\/index.php\/wp-json\/wp\/v2\/posts\/8400","targetHints":{"allow":["GET"]}}],"collection":[{"href":"https:\/\/radiogjilani.com\/index.php\/wp-json\/wp\/v2\/posts"}],"about":[{"href":"https:\/\/radiogjilani.com\/index.php\/wp-json\/wp\/v2\/types\/post"}],"author":[{"embeddable":true,"href":"https:\/\/radiogjilani.com\/index.php\/wp-json\/wp\/v2\/users\/1"}],"replies":[{"embeddable":true,"href":"https:\/\/radiogjilani.com\/index.php\/wp-json\/wp\/v2\/comments?post=8400"}],"version-history":[{"count":0,"href":"https:\/\/radiogjilani.com\/index.php\/wp-json\/wp\/v2\/posts\/8400\/revisions"}],"wp:featuredmedia":[{"embeddable":true,"href":"https:\/\/radiogjilani.com\/index.php\/wp-json\/wp\/v2\/media\/8401"}],"wp:attachment":[{"href":"https:\/\/radiogjilani.com\/index.php\/wp-json\/wp\/v2\/media?parent=8400"}],"wp:term":[{"taxonomy":"category","embeddable":true,"href":"https:\/\/radiogjilani.com\/index.php\/wp-json\/wp\/v2\/categories?post=8400"},{"taxonomy":"post_tag","embeddable":true,"href":"https:\/\/radiogjilani.com\/index.php\/wp-json\/wp\/v2\/tags?post=8400"}],"curies":[{"name":"wp","href":"https:\/\/api.w.org\/{rel}","templated":true}]}}