{"id":8404,"date":"2024-08-27T19:28:08","date_gmt":"2024-08-27T19:28:08","guid":{"rendered":"https:\/\/radiogjilani.com\/index.php\/2024\/08\/27\/gashi-perballe-nje-interpelance-per-incidentin-ne-aeroportin-e-shkupit\/"},"modified":"2024-08-27T19:28:08","modified_gmt":"2024-08-27T19:28:08","slug":"gashi-perballe-nje-interpelance-per-incidentin-ne-aeroportin-e-shkupit","status":"publish","type":"post","link":"https:\/\/radiogjilani.com\/index.php\/2024\/08\/27\/gashi-perballe-nje-interpelance-per-incidentin-ne-aeroportin-e-shkupit\/","title":{"rendered":"Gashi p\u00ebrball\u00eb nj\u00eb interpelance p\u00ebr incidentin n\u00eb Aeroportin e Shkupit"},"content":{"rendered":"<p>Interpelanca ndaj kryetarit t\u00eb Kuvendit t\u00eb Maqedonis\u00eb s\u00eb Veriut, Afrim Gashi, do t\u00eb jet\u00eb pika e par\u00eb e rendit t\u00eb dit\u00ebs n\u00eb seanc\u00ebn plenare q\u00eb do t\u00eb mbahet m\u00eb 3 shtator. \u201cDo t\u00eb jet\u00eb mesazh i mir\u00eb p\u00ebr t\u00eb gjith\u00eb, p\u00ebr publikun dhe p\u00ebr partit\u00eb politike se ne jemi t\u00eb hapur p\u00ebr debat\u201d, tha Gashi n\u00eb nj\u00eb prononcim p\u00ebr media. Sipas Rregullores s\u00eb re t\u00eb Kuvendit, n\u00ebse ndonj\u00eb an\u00ebtar i Kuvendit b\u00ebn k\u00ebrkes\u00eb p\u00ebr&#8230;<\/p>\n<p><a href=\"https:\/\/ekonomiaonline.com\/gashi-perballe-nje-interpelance-per-incidentin-ne-aeroportin-e-shkupit\/\" rel=\"nofollow\">Source<\/a><\/p>\n","protected":false},"excerpt":{"rendered":"<p>Interpelanca ndaj kryetarit t\u00eb Kuvendit t\u00eb Maqedonis\u00eb s\u00eb Veriut, Afrim Gashi, do t\u00eb jet\u00eb pika e par\u00eb e rendit t\u00eb dit\u00ebs n\u00eb seanc\u00ebn plenare q\u00eb do t\u00eb mbahet m\u00eb 3 shtator. \u201cDo t\u00eb jet\u00eb mesazh i mir\u00eb p\u00ebr t\u00eb gjith\u00eb, p\u00ebr publikun dhe p\u00ebr partit\u00eb politike se ne jemi t\u00eb hapur p\u00ebr debat\u201d, tha Gashi [&hellip;]<\/p>\n","protected":false},"author":1,"featured_media":8405,"comment_status":"open","ping_status":"open","sticky":false,"template":"","format":"standard","meta":{"footnotes":""},"categories":[19],"tags":[],"class_list":["post-8404","post","type-post","status-publish","format-standard","has-post-thumbnail","hentry","category-eko"],"_links":{"self":[{"href":"https:\/\/radiogjilani.com\/index.php\/wp-json\/wp\/v2\/posts\/8404","targetHints":{"allow":["GET"]}}],"collection":[{"href":"https:\/\/radiogjilani.com\/index.php\/wp-json\/wp\/v2\/posts"}],"about":[{"href":"https:\/\/radiogjilani.com\/index.php\/wp-json\/wp\/v2\/types\/post"}],"author":[{"embeddable":true,"href":"https:\/\/radiogjilani.com\/index.php\/wp-json\/wp\/v2\/users\/1"}],"replies":[{"embeddable":true,"href":"https:\/\/radiogjilani.com\/index.php\/wp-json\/wp\/v2\/comments?post=8404"}],"version-history":[{"count":0,"href":"https:\/\/radiogjilani.com\/index.php\/wp-json\/wp\/v2\/posts\/8404\/revisions"}],"wp:featuredmedia":[{"embeddable":true,"href":"https:\/\/radiogjilani.com\/index.php\/wp-json\/wp\/v2\/media\/8405"}],"wp:attachment":[{"href":"https:\/\/radiogjilani.com\/index.php\/wp-json\/wp\/v2\/media?parent=8404"}],"wp:term":[{"taxonomy":"category","embeddable":true,"href":"https:\/\/radiogjilani.com\/index.php\/wp-json\/wp\/v2\/categories?post=8404"},{"taxonomy":"post_tag","embeddable":true,"href":"https:\/\/radiogjilani.com\/index.php\/wp-json\/wp\/v2\/tags?post=8404"}],"curies":[{"name":"wp","href":"https:\/\/api.w.org\/{rel}","templated":true}]}}