{"id":8414,"date":"2024-08-27T20:23:23","date_gmt":"2024-08-27T20:23:23","guid":{"rendered":"https:\/\/radiogjilani.com\/index.php\/2024\/08\/27\/okb-ja-duhet-te-largohet-per-here-te-dyte-nga-qendra-e-ndihmes-humanitare-ne-gaza\/"},"modified":"2024-08-27T20:23:23","modified_gmt":"2024-08-27T20:23:23","slug":"okb-ja-duhet-te-largohet-per-here-te-dyte-nga-qendra-e-ndihmes-humanitare-ne-gaza","status":"publish","type":"post","link":"https:\/\/radiogjilani.com\/index.php\/2024\/08\/27\/okb-ja-duhet-te-largohet-per-here-te-dyte-nga-qendra-e-ndihmes-humanitare-ne-gaza\/","title":{"rendered":"OKB-ja duhet t\u00eb largohet p\u00ebr her\u00eb t\u00eb dyt\u00eb nga qendra e ndihm\u00ebs humanitare n\u00eb Gaza"},"content":{"rendered":"<p>OKB-s\u00eb i \u00ebsht\u00eb dashur t\u00eb evakuoj\u00eb qendr\u00ebn e saj t\u00eb ndihm\u00ebs humanitare n\u00eb Rripin e Gaz\u00ebs p\u00ebr her\u00eb t\u00eb dyt\u00eb me urdh\u00ebr t\u00eb ushtris\u00eb izraelite, tha nj\u00eb zyrtar t\u00eb mart\u00ebn.<\/p>\n<p>Qendra me magazina dhe strehim p\u00ebr personelin ishte zhvendosur tashm\u00eb nj\u00eb her\u00eb p\u00ebrpara p\u00ebrparimit t\u00eb ushtar\u00ebve izraelit\u00eb n\u00eb Rafah n\u00eb jug t\u00eb Rripit t\u00eb Gaz\u00ebs n\u00eb fillim t\u00eb majit.<\/p>\n<p>Qendra e re me akomodim, zyra dhe dhoma magazinimi p\u00ebr mallrat humanitare u ngrit n\u00eb Deir al-Balah m\u00eb n\u00eb veri. Megjithat\u00eb, nj\u00eb urdh\u00ebr evakuimi \u00ebsht\u00eb l\u00ebshuar edhe p\u00ebr zon\u00ebn t\u00eb diel\u00ebn.<\/p>\n<p>Pavar\u00ebsisht k\u00ebsaj, do t\u00eb b\u00ebhet gjith\u00e7ka e mundur p\u00ebr t\u00eb ruajtur furnizimet, tha n\u00eb Gjenev\u00eb nj\u00eb z\u00ebdh\u00ebn\u00ebs i organizat\u00ebs s\u00eb OKB-s\u00eb p\u00ebr ndihm\u00eb emergjente OCHA.<\/p>\n<p>\t\t<i><\/i><ins data-dcm-landing-page-escapes=\"0\" data-dcm-click-tracker=\"https:\/\/track.adform.net\/C\/?bn=73199340;adfibeg=0;cdata=wY0ZHC8ypbQniOq3Sj8hschgQeJ3VY4zU1bO9ulaUP_iCMviXuI_n4RPYRHBxkqVPVtGasWBO2DsQ97SqeB3vafpodL8HlhSS5QNXFy9YSXxjmdMEY9WqD7eKsUQLet9dO-UMsCLM2opnkTpCdy6-w2;;CREFURL=https%3a%2f%2feuro-pixel.com%2ftest.php;C=1;cpdir=\" class=\"dcmads\" data-dcm-placement=\"N571601.4773204ALBANIANPOST.COM\/B32392692.399829096\" data-dcm-rendering-mode=\"iframe\" data-dcm-https-only=\"\" data-dcm-api-frameworks=\"[APIFRAMEWORKS]\" data-dcm-omid-partner=\"[OMIDPARTNER]\" data-dcm-gdpr-applies=\"gdpr=\" data-dcm-gdpr-consent=\"gdpr_consent=\" data-dcm-addtl-consent=\"addtl_consent=${ADDTL_CONSENT}\" data-dcm-ltd=\"false\" data-dcm-resettable-device-id=\"\" data-dcm-app-id=\"\" data-dcm-processed=\"y\"><\/p>\n<p>\t\t<\/ins><\/p>\n<p>Izraeli u b\u00ebn thirrje civil\u00ebve t\u00eb largohen nga zonat e banuara n\u00ebse objektet ushtarake ose p\u00ebrfaq\u00ebsuesit e grupit terrorist Hamas dyshohen atje dhe nj\u00eb sulm ushtarak \u00ebsht\u00eb i pashmangsh\u00ebm.<\/p>\n<p>Sipas OCHA, q\u00eb nga sulmet shkat\u00ebrruese terroriste ndaj Izraelit t\u00eb organizuara nga Rripi i Gaz\u00ebs m\u00eb 7 tetor t\u00eb vitit t\u00eb kaluar dhe veprimet pasuese ushtarake izraelite, ka pasur thirrje p\u00ebr evakuim p\u00ebr pothuajse 90% t\u00eb Rripit t\u00eb Gaz\u00ebs.<\/p>\n<p>The post <a rel=\"nofollow\" href=\"https:\/\/albanianpost.com\/okb-ja-duhet-te-largohet-per-here-te-dyte-nga-qendra-e-ndihmes-humanitare-ne-gaza\/\">OKB-ja duhet t\u00eb largohet p\u00ebr her\u00eb t\u00eb dyt\u00eb nga qendra e ndihm\u00ebs humanitare n\u00eb Gaza<\/a> appeared first on <a rel=\"nofollow\" href=\"https:\/\/albanianpost.com\/\">Albanian Post<\/a>.<\/p>\n","protected":false},"excerpt":{"rendered":"<p>OKB-s\u00eb i \u00ebsht\u00eb dashur t\u00eb evakuoj\u00eb qendr\u00ebn e saj t\u00eb ndihm\u00ebs humanitare n\u00eb Rripin e Gaz\u00ebs p\u00ebr her\u00eb t\u00eb dyt\u00eb me urdh\u00ebr t\u00eb ushtris\u00eb izraelite, tha nj\u00eb zyrtar t\u00eb mart\u00ebn. Qendra me magazina dhe strehim p\u00ebr personelin ishte zhvendosur tashm\u00eb nj\u00eb her\u00eb p\u00ebrpara p\u00ebrparimit t\u00eb ushtar\u00ebve izraelit\u00eb n\u00eb Rafah n\u00eb jug t\u00eb Rripit t\u00eb Gaz\u00ebs [&hellip;]<\/p>\n","protected":false},"author":1,"featured_media":8415,"comment_status":"open","ping_status":"open","sticky":false,"template":"","format":"standard","meta":{"footnotes":""},"categories":[1],"tags":[],"class_list":["post-8414","post","type-post","status-publish","format-standard","has-post-thumbnail","hentry","category-uncategorized"],"_links":{"self":[{"href":"https:\/\/radiogjilani.com\/index.php\/wp-json\/wp\/v2\/posts\/8414","targetHints":{"allow":["GET"]}}],"collection":[{"href":"https:\/\/radiogjilani.com\/index.php\/wp-json\/wp\/v2\/posts"}],"about":[{"href":"https:\/\/radiogjilani.com\/index.php\/wp-json\/wp\/v2\/types\/post"}],"author":[{"embeddable":true,"href":"https:\/\/radiogjilani.com\/index.php\/wp-json\/wp\/v2\/users\/1"}],"replies":[{"embeddable":true,"href":"https:\/\/radiogjilani.com\/index.php\/wp-json\/wp\/v2\/comments?post=8414"}],"version-history":[{"count":0,"href":"https:\/\/radiogjilani.com\/index.php\/wp-json\/wp\/v2\/posts\/8414\/revisions"}],"wp:featuredmedia":[{"embeddable":true,"href":"https:\/\/radiogjilani.com\/index.php\/wp-json\/wp\/v2\/media\/8415"}],"wp:attachment":[{"href":"https:\/\/radiogjilani.com\/index.php\/wp-json\/wp\/v2\/media?parent=8414"}],"wp:term":[{"taxonomy":"category","embeddable":true,"href":"https:\/\/radiogjilani.com\/index.php\/wp-json\/wp\/v2\/categories?post=8414"},{"taxonomy":"post_tag","embeddable":true,"href":"https:\/\/radiogjilani.com\/index.php\/wp-json\/wp\/v2\/tags?post=8414"}],"curies":[{"name":"wp","href":"https:\/\/api.w.org\/{rel}","templated":true}]}}