{"id":8426,"date":"2024-08-27T20:23:17","date_gmt":"2024-08-27T20:23:17","guid":{"rendered":"https:\/\/radiogjilani.com\/index.php\/2024\/08\/27\/gashi-do-te-perballet-me-nje-interpelance-per-incidentin-ne-aeroportin-e-shkupit\/"},"modified":"2024-08-27T20:23:17","modified_gmt":"2024-08-27T20:23:17","slug":"gashi-do-te-perballet-me-nje-interpelance-per-incidentin-ne-aeroportin-e-shkupit","status":"publish","type":"post","link":"https:\/\/radiogjilani.com\/index.php\/2024\/08\/27\/gashi-do-te-perballet-me-nje-interpelance-per-incidentin-ne-aeroportin-e-shkupit\/","title":{"rendered":"Gashi do t\u00eb p\u00ebrballet me nj\u00eb interpelanc\u00eb p\u00ebr incidentin n\u00eb Aeroportin e Shkupit"},"content":{"rendered":"<p>Kryetari i Kuvendit t\u00eb Maqedonis\u00eb s\u00eb Veriut, Afrim Gashi, n\u00eb seanc\u00ebn plenare q\u00eb do t\u00eb mbahet m\u00eb 3 shtator t\u00eb mart\u00ebn do t\u00eb p\u00ebrballet me nj\u00eb interpelanc\u00eb pas incidentit n\u00eb Aeroportin e Shkupit m\u00eb 1 gusht, ku e p\u00ebrfshir\u00eb ishte presidentja e Kosov\u00ebs, Vjosa Osmani.<\/p>\n<p>K\u00ebrkesa p\u00ebr interpelanc\u00eb ndaj Gashit u b\u00eb nga deputet\u00ebt e partis\u00eb E Majta.<\/p>\n<p>Zyra e Presidentes s\u00eb Kosov\u00ebs akuzoi autoritetet e Maqedonis\u00eb s\u00eb Veriut p\u00ebr shkelje t\u00eb praktikave nd\u00ebrkomb\u00ebtare dhe Konvent\u00ebs s\u00eb Vjen\u00ebs p\u00ebr Marr\u00ebdh\u00ebnie Diplomatike, duke th\u00ebn\u00eb se, m\u00eb 1 gusht, presidentes Vjosa Osmani \u00ebsht\u00eb tentuar t\u2019i merret telefoni personal nga nj\u00eb pjes\u00ebtar i sigurimit t\u00eb Aeroportit t\u00eb Shkupit.<\/p>\n<p>K\u00ebshilltari i presidentes, Bekim Kupina, tha se pavar\u00ebsisht faktit q\u00eb i jan\u00eb b\u00ebr\u00eb t\u00eb ditura rregullat diplomatike, \u201cai \u00a0ka tentuar fizikisht ta shtyj\u00eb presidenten, me \u00e7\u2019rast \u00ebsht\u00eb detyruar q\u00eb t\u00eb reagoj\u00eb Policia e Kosov\u00ebs p\u00ebr t\u2019i hapur rrug\u00ebn\u201d.<\/p>\n<p>\t\t<i><\/i><ins data-dcm-landing-page-escapes=\"0\" data-dcm-click-tracker=\"https:\/\/track.adform.net\/C\/?bn=73199340;adfibeg=0;cdata=wY0ZHC8ypbQniOq3Sj8hschgQeJ3VY4zU1bO9ulaUP_iCMviXuI_n4RPYRHBxkqVPVtGasWBO2DsQ97SqeB3vafpodL8HlhSS5QNXFy9YSXxjmdMEY9WqD7eKsUQLet9dO-UMsCLM2opnkTpCdy6-w2;;CREFURL=https%3a%2f%2feuro-pixel.com%2ftest.php;C=1;cpdir=\" class=\"dcmads\" data-dcm-placement=\"N571601.4773204ALBANIANPOST.COM\/B32392692.399829096\" data-dcm-rendering-mode=\"iframe\" data-dcm-https-only=\"\" data-dcm-api-frameworks=\"[APIFRAMEWORKS]\" data-dcm-omid-partner=\"[OMIDPARTNER]\" data-dcm-gdpr-applies=\"gdpr=\" data-dcm-gdpr-consent=\"gdpr_consent=\" data-dcm-addtl-consent=\"addtl_consent=${ADDTL_CONSENT}\" data-dcm-ltd=\"false\" data-dcm-resettable-device-id=\"\" data-dcm-app-id=\"\" data-dcm-processed=\"y\"><\/p>\n<p>\t\t<\/ins><\/p>\n<p>N\u00eb mbr\u00ebmjen e 2 gushtit, Ministria e Jashtme e Maqedonis\u00eb s\u00eb Veriut shprehu \u201ckeqardhje p\u00ebr keqkuptimet q\u00eb ndodh\u00ebn gjat\u00eb udh\u00ebtimit t\u00eb djesh\u00ebm t\u00eb presidentes Osmani n\u00eb Aeroportin Nd\u00ebrkomb\u00ebtar t\u00eb Shkupit\u201d.<\/p>\n<p>Pala maqedonase m\u00eb 1 gusht po ashtu tha se ka nisur hetimin e k\u00ebtij rasti. Ministria e Brendshme e Maqedonis\u00eb s\u00eb Veriut deklaroi se pasi Osmani kaloi kontrollin kufitar, \u201cerdhi nj\u00eb person nga sigurimi i kryetarit t\u00eb Kuvendit, Afrim Gashi, [polic] me dy persona t\u00eb tjer\u00eb [polic\u00eb] dhe filluan t\u00eb k\u00ebrc\u00ebnojn\u00eb pun\u00ebtor\u00ebt e Aeroportit dhe t\u00eb pyesin se kush i ka shkaktuar problem presidentes\u201d.<\/p>\n<p>Presidenca kosovare m\u00eb 1 gusht tha se e kishte informuar kryeparlamentarin Afrim Gashi p\u00ebr incidentin, duke e fal\u00ebnderuar p\u00ebr ndihm\u00ebn.<\/p>\n<p>Gashi, m\u00eb 2 gusht, sqaroi se ai ka nd\u00ebrhyr\u00eb vet\u00ebm p\u00ebr t\u00eb \u201cshmangur nj\u00eb incident diplomatik\u201d.<\/p>\n<p>Nga kompania TAV e cila menaxhon Aeroportin Nd\u00ebrkomb\u00ebtar t\u00eb Shkupit, than\u00eb se departamenti i siguris\u00eb, n\u00eb kuad\u00ebr t\u00eb p\u00ebrgjegj\u00ebsive, ka kryer kontroll standard t\u00eb siguris\u00eb.<\/p>\n<p>The post <a rel=\"nofollow\" href=\"https:\/\/albanianpost.com\/gashi-do-te-perballet-me-nje-interpelance-per-incidentin-ne-aeroportin-e-shkupit\/\">Gashi do t\u00eb p\u00ebrballet me nj\u00eb interpelanc\u00eb p\u00ebr incidentin n\u00eb Aeroportin e Shkupit<\/a> appeared first on <a rel=\"nofollow\" href=\"https:\/\/albanianpost.com\/\">Albanian Post<\/a>.<\/p>\n","protected":false},"excerpt":{"rendered":"<p>Kryetari i Kuvendit t\u00eb Maqedonis\u00eb s\u00eb Veriut, Afrim Gashi, n\u00eb seanc\u00ebn plenare q\u00eb do t\u00eb mbahet m\u00eb 3 shtator t\u00eb mart\u00ebn do t\u00eb p\u00ebrballet me nj\u00eb interpelanc\u00eb pas incidentit n\u00eb Aeroportin e Shkupit m\u00eb 1 gusht, ku e p\u00ebrfshir\u00eb ishte presidentja e Kosov\u00ebs, Vjosa Osmani. K\u00ebrkesa p\u00ebr interpelanc\u00eb ndaj Gashit u b\u00eb nga deputet\u00ebt e [&hellip;]<\/p>\n","protected":false},"author":1,"featured_media":8427,"comment_status":"open","ping_status":"open","sticky":false,"template":"","format":"standard","meta":{"footnotes":""},"categories":[1],"tags":[],"class_list":["post-8426","post","type-post","status-publish","format-standard","has-post-thumbnail","hentry","category-uncategorized"],"_links":{"self":[{"href":"https:\/\/radiogjilani.com\/index.php\/wp-json\/wp\/v2\/posts\/8426","targetHints":{"allow":["GET"]}}],"collection":[{"href":"https:\/\/radiogjilani.com\/index.php\/wp-json\/wp\/v2\/posts"}],"about":[{"href":"https:\/\/radiogjilani.com\/index.php\/wp-json\/wp\/v2\/types\/post"}],"author":[{"embeddable":true,"href":"https:\/\/radiogjilani.com\/index.php\/wp-json\/wp\/v2\/users\/1"}],"replies":[{"embeddable":true,"href":"https:\/\/radiogjilani.com\/index.php\/wp-json\/wp\/v2\/comments?post=8426"}],"version-history":[{"count":0,"href":"https:\/\/radiogjilani.com\/index.php\/wp-json\/wp\/v2\/posts\/8426\/revisions"}],"wp:featuredmedia":[{"embeddable":true,"href":"https:\/\/radiogjilani.com\/index.php\/wp-json\/wp\/v2\/media\/8427"}],"wp:attachment":[{"href":"https:\/\/radiogjilani.com\/index.php\/wp-json\/wp\/v2\/media?parent=8426"}],"wp:term":[{"taxonomy":"category","embeddable":true,"href":"https:\/\/radiogjilani.com\/index.php\/wp-json\/wp\/v2\/categories?post=8426"},{"taxonomy":"post_tag","embeddable":true,"href":"https:\/\/radiogjilani.com\/index.php\/wp-json\/wp\/v2\/tags?post=8426"}],"curies":[{"name":"wp","href":"https:\/\/api.w.org\/{rel}","templated":true}]}}