{"id":8428,"date":"2024-08-27T20:23:16","date_gmt":"2024-08-27T20:23:16","guid":{"rendered":"https:\/\/radiogjilani.com\/index.php\/2024\/08\/27\/vengu-ne-uzinen-e-gramshit-per-rijetezimin-e-industrise-ushtarake\/"},"modified":"2024-08-27T20:23:16","modified_gmt":"2024-08-27T20:23:16","slug":"vengu-ne-uzinen-e-gramshit-per-rijetezimin-e-industrise-ushtarake","status":"publish","type":"post","link":"https:\/\/radiogjilani.com\/index.php\/2024\/08\/27\/vengu-ne-uzinen-e-gramshit-per-rijetezimin-e-industrise-ushtarake\/","title":{"rendered":"V\u00ebngu n\u00eb Uzin\u00ebn e Gramshit, p\u00ebr rijet\u00ebzimin e Industris\u00eb Ushtarake"},"content":{"rendered":"<p>Ministri i Mbrojtjes, Pirro V\u00ebngu, ka zhvilluar nj\u00eb vizit\u00eb n\u00eb Uzin\u00ebn Mekanike n\u00eb Gramsh, n\u00eb kuad\u00ebr t\u00eb planit t\u00eb ri p\u00ebr rijet\u00ebzimin e Industris\u00eb Ushtarake n\u00eb vend.<\/p>\n<p>Modernizimi i Forcave t\u00eb Armatosura, zgjerimi i kapaciteteve dhe zhvillimi i Industris\u00eb Ushtarake jan\u00eb nd\u00ebr prioritetet kryesore t\u00eb qeveris\u00eb shqiptare dhe Ministris\u00eb s\u00eb Mbrojtjes.<\/p>\n<p>Ka nisur puna p\u00ebr projektin q\u00eb rikthen n\u00eb qend\u00ebr r\u00ebndese Industrin\u00eb Ushtarake me rikthimin n\u00eb jet\u00eb t\u00eb disa prej uzinave t\u00eb lidhura ngusht\u00eb me zinxhirin e prodhimit t\u00eb mallrave ushtarake.<\/p>\n<p>Dikur uzina ishte burimi kryesor i furnizimit t\u00eb ushtris\u00eb me arm\u00eb t\u00eb prodhuara n\u00eb vend, nd\u00ebrsa pas viteve \u201890 aktiviteti i saj erdhi duke u reduktuar duke u fokusuar n\u00eb procesin e demilitarizimit t\u00eb arm\u00ebve t\u00eb vogla.<\/p>\n<p>\t\t<i><\/i><ins data-dcm-landing-page-escapes=\"0\" data-dcm-click-tracker=\"https:\/\/track.adform.net\/C\/?bn=73199340;adfibeg=0;cdata=wY0ZHC8ypbQniOq3Sj8hschgQeJ3VY4zU1bO9ulaUP_iCMviXuI_n4RPYRHBxkqVPVtGasWBO2DsQ97SqeB3vafpodL8HlhSS5QNXFy9YSXxjmdMEY9WqD7eKsUQLet9dO-UMsCLM2opnkTpCdy6-w2;;CREFURL=https%3a%2f%2feuro-pixel.com%2ftest.php;C=1;cpdir=\" class=\"dcmads\" data-dcm-placement=\"N571601.4773204ALBANIANPOST.COM\/B32392692.399829096\" data-dcm-rendering-mode=\"iframe\" data-dcm-https-only=\"\" data-dcm-api-frameworks=\"[APIFRAMEWORKS]\" data-dcm-omid-partner=\"[OMIDPARTNER]\" data-dcm-gdpr-applies=\"gdpr=\" data-dcm-gdpr-consent=\"gdpr_consent=\" data-dcm-addtl-consent=\"addtl_consent=${ADDTL_CONSENT}\" data-dcm-ltd=\"false\" data-dcm-resettable-device-id=\"\" data-dcm-app-id=\"\" data-dcm-processed=\"y\"><\/p>\n<p>\t\t<\/ins><\/p>\n<p>N\u00eb fokusin e Ministris\u00eb s\u00eb Mbrojtjes \u00ebsht\u00eb edhe Kombinati Mekanik n\u00eb Poli\u00e7an, aktualisht jasht\u00eb funksionit, por dikur nj\u00eb aset i \u00e7muar i Industris\u00eb Ushtarake p\u00ebr shkak t\u00eb historis\u00eb, pozicionit strategjik dhe infrastruktur\u00ebs s\u00eb favorshme.<\/p>\n<p>Poli\u00e7ani do t\u00eb jet\u00eb pjes\u00eb e strategjis\u00eb s\u00eb qeveris\u00eb shqiptare p\u00ebr jet\u00ebsimin e industris\u00eb s\u00eb mbrojtjes p\u00ebr t\u00eb t\u00ebrhequr investime t\u00eb r\u00ebnd\u00ebsishme nga sektori privat, t\u00eb cilat mund ta rikthejn\u00eb at\u00eb n\u00eb nj\u00eb aset t\u00eb r\u00ebnd\u00ebsish\u00ebm p\u00ebr mb\u00ebshtetjen e Forcave t\u00eb Armatosura dhe zgjerimin e kapaciteteve prodhuese p\u00ebr q\u00ebllime ushtarake dhe civile.<\/p>\n<p>Rizgjimi i fabrikave dhe uzinave parashikohet t\u00eb b\u00ebhet me nj\u00eb formul\u00eb t\u00eb re menaxhimi n\u00ebp\u00ebrmjet nj\u00eb shoq\u00ebrie tregtare shtet\u00ebrore, q\u00eb do t\u00eb drejtoj\u00eb procesin e ringritjes s\u00eb Industris\u00eb s\u00eb Mbrojtjes. Shoq\u00ebria do t\u00eb marr\u00eb n\u00eb zot\u00ebrim aktivet e nd\u00ebrmarrjeve shtet\u00ebrore, nd\u00ebrsa fuqia pun\u00ebtore aktuale do t\u00eb vijoj\u00eb marr\u00ebdh\u00ebniet e pun\u00ebs n\u00ebn nj\u00eb perspektiv\u00eb t\u00eb re dhe premtuese.<\/p>\n<p>Shoq\u00ebria tregtare shtet\u00ebrore, ka objekt veprimtarie projektimin, prodhimin, riparimin, demilitarizimin dhe tregtimin, brenda dhe jasht\u00eb vendit, t\u00eb arm\u00ebve, municioneve, teknologjive dhe pajisjeve ushtarake, si dhe \u00e7do aktivitet t\u00eb lidhur me k\u00ebt\u00eb veprimtari, n\u00eb funksion t\u00eb politikave komb\u00ebtare t\u00eb Siguris\u00eb dhe Mbrojtjes dhe rritjes s\u00eb kapaciteteve t\u00eb Mbrojtjes.<\/p>\n<p>Nga ana tjet\u00ebr, rijet\u00ebzimi i k\u00ebtij sektori pritet t\u00eb kontribuoj\u00eb n\u00eb rritjen e pun\u00ebsimit dhe zhvillimin ekonomik t\u00eb vendit.<\/p>\n<p>The post <a rel=\"nofollow\" href=\"https:\/\/albanianpost.com\/vengu-ne-uzinen-e-gramshit-per-rijetezimin-e-industrise-ushtarake\/\">V\u00ebngu n\u00eb Uzin\u00ebn e Gramshit, p\u00ebr rijet\u00ebzimin e Industris\u00eb Ushtarake<\/a> appeared first on <a rel=\"nofollow\" href=\"https:\/\/albanianpost.com\/\">Albanian Post<\/a>.<\/p>\n","protected":false},"excerpt":{"rendered":"<p>Ministri i Mbrojtjes, Pirro V\u00ebngu, ka zhvilluar nj\u00eb vizit\u00eb n\u00eb Uzin\u00ebn Mekanike n\u00eb Gramsh, n\u00eb kuad\u00ebr t\u00eb planit t\u00eb ri p\u00ebr rijet\u00ebzimin e Industris\u00eb Ushtarake n\u00eb vend. Modernizimi i Forcave t\u00eb Armatosura, zgjerimi i kapaciteteve dhe zhvillimi i Industris\u00eb Ushtarake jan\u00eb nd\u00ebr prioritetet kryesore t\u00eb qeveris\u00eb shqiptare dhe Ministris\u00eb s\u00eb Mbrojtjes. Ka nisur puna p\u00ebr [&hellip;]<\/p>\n","protected":false},"author":1,"featured_media":8429,"comment_status":"open","ping_status":"open","sticky":false,"template":"","format":"standard","meta":{"footnotes":""},"categories":[1],"tags":[],"class_list":["post-8428","post","type-post","status-publish","format-standard","has-post-thumbnail","hentry","category-uncategorized"],"_links":{"self":[{"href":"https:\/\/radiogjilani.com\/index.php\/wp-json\/wp\/v2\/posts\/8428","targetHints":{"allow":["GET"]}}],"collection":[{"href":"https:\/\/radiogjilani.com\/index.php\/wp-json\/wp\/v2\/posts"}],"about":[{"href":"https:\/\/radiogjilani.com\/index.php\/wp-json\/wp\/v2\/types\/post"}],"author":[{"embeddable":true,"href":"https:\/\/radiogjilani.com\/index.php\/wp-json\/wp\/v2\/users\/1"}],"replies":[{"embeddable":true,"href":"https:\/\/radiogjilani.com\/index.php\/wp-json\/wp\/v2\/comments?post=8428"}],"version-history":[{"count":0,"href":"https:\/\/radiogjilani.com\/index.php\/wp-json\/wp\/v2\/posts\/8428\/revisions"}],"wp:featuredmedia":[{"embeddable":true,"href":"https:\/\/radiogjilani.com\/index.php\/wp-json\/wp\/v2\/media\/8429"}],"wp:attachment":[{"href":"https:\/\/radiogjilani.com\/index.php\/wp-json\/wp\/v2\/media?parent=8428"}],"wp:term":[{"taxonomy":"category","embeddable":true,"href":"https:\/\/radiogjilani.com\/index.php\/wp-json\/wp\/v2\/categories?post=8428"},{"taxonomy":"post_tag","embeddable":true,"href":"https:\/\/radiogjilani.com\/index.php\/wp-json\/wp\/v2\/tags?post=8428"}],"curies":[{"name":"wp","href":"https:\/\/api.w.org\/{rel}","templated":true}]}}