{"id":8452,"date":"2024-08-28T20:18:20","date_gmt":"2024-08-28T20:18:20","guid":{"rendered":"https:\/\/radiogjilani.com\/index.php\/2024\/08\/28\/mefail-bajqinovci-kandidat-i-vv-se-per-kryetar-te-prishtines\/"},"modified":"2024-08-28T20:18:20","modified_gmt":"2024-08-28T20:18:20","slug":"mefail-bajqinovci-kandidat-i-vv-se-per-kryetar-te-prishtines","status":"publish","type":"post","link":"https:\/\/radiogjilani.com\/index.php\/2024\/08\/28\/mefail-bajqinovci-kandidat-i-vv-se-per-kryetar-te-prishtines\/","title":{"rendered":"Mefail Bajqinovci kandidat i VV-s\u00eb p\u00ebr kryetar t\u00eb Prishtin\u00ebs?"},"content":{"rendered":"<p>Nj\u00eb situat\u00eb me dinamik\u00eb interesante ka vijuar n\u00eb partin\u00eb n\u00eb pushtet. Duket se deputeti i Vet\u00ebvendosjes, Mefail Bajqinovci ka shprehur d\u00ebshir\u00eb dhe gatishm\u00ebri t\u2019i hyj\u00eb gar\u00ebs p\u00ebr Kryetar t\u00eb Prishtin\u00ebs. Megjithat\u00eb ai p\u00ebrballet me penges\u00ebn e vetme aktuale e cila \u00ebsht\u00eb dega e Vet\u00ebvendosjes n\u00eb Prishtin\u00eb, meqen\u00ebse kjo deg\u00eb p\u00ebrmes votimeve t\u00eb saja e p\u00ebrcakton kandidatin p\u00ebr Kryetar t\u00eb Prishtin\u00ebs.<\/p>\n<p><a href=\"https:\/\/ekonomiaonline.com\/mefail-bajqinovci-kandidat-i-vv-se-per-kryetar-te-prishtines\/\" rel=\"nofollow\">Source<\/a><\/p>\n","protected":false},"excerpt":{"rendered":"<p>Nj\u00eb situat\u00eb me dinamik\u00eb interesante ka vijuar n\u00eb partin\u00eb n\u00eb pushtet. Duket se deputeti i Vet\u00ebvendosjes, Mefail Bajqinovci ka shprehur d\u00ebshir\u00eb dhe gatishm\u00ebri t\u2019i hyj\u00eb gar\u00ebs p\u00ebr Kryetar t\u00eb Prishtin\u00ebs. Megjithat\u00eb ai p\u00ebrballet me penges\u00ebn e vetme aktuale e cila \u00ebsht\u00eb dega e Vet\u00ebvendosjes n\u00eb Prishtin\u00eb, meqen\u00ebse kjo deg\u00eb p\u00ebrmes votimeve t\u00eb saja e p\u00ebrcakton [&hellip;]<\/p>\n","protected":false},"author":1,"featured_media":8453,"comment_status":"open","ping_status":"open","sticky":false,"template":"","format":"standard","meta":{"footnotes":""},"categories":[19],"tags":[],"class_list":["post-8452","post","type-post","status-publish","format-standard","has-post-thumbnail","hentry","category-eko"],"_links":{"self":[{"href":"https:\/\/radiogjilani.com\/index.php\/wp-json\/wp\/v2\/posts\/8452","targetHints":{"allow":["GET"]}}],"collection":[{"href":"https:\/\/radiogjilani.com\/index.php\/wp-json\/wp\/v2\/posts"}],"about":[{"href":"https:\/\/radiogjilani.com\/index.php\/wp-json\/wp\/v2\/types\/post"}],"author":[{"embeddable":true,"href":"https:\/\/radiogjilani.com\/index.php\/wp-json\/wp\/v2\/users\/1"}],"replies":[{"embeddable":true,"href":"https:\/\/radiogjilani.com\/index.php\/wp-json\/wp\/v2\/comments?post=8452"}],"version-history":[{"count":0,"href":"https:\/\/radiogjilani.com\/index.php\/wp-json\/wp\/v2\/posts\/8452\/revisions"}],"wp:featuredmedia":[{"embeddable":true,"href":"https:\/\/radiogjilani.com\/index.php\/wp-json\/wp\/v2\/media\/8453"}],"wp:attachment":[{"href":"https:\/\/radiogjilani.com\/index.php\/wp-json\/wp\/v2\/media?parent=8452"}],"wp:term":[{"taxonomy":"category","embeddable":true,"href":"https:\/\/radiogjilani.com\/index.php\/wp-json\/wp\/v2\/categories?post=8452"},{"taxonomy":"post_tag","embeddable":true,"href":"https:\/\/radiogjilani.com\/index.php\/wp-json\/wp\/v2\/tags?post=8452"}],"curies":[{"name":"wp","href":"https:\/\/api.w.org\/{rel}","templated":true}]}}