{"id":8468,"date":"2024-08-28T21:17:32","date_gmt":"2024-08-28T21:17:32","guid":{"rendered":"https:\/\/radiogjilani.com\/index.php\/2024\/08\/28\/njerezit-me-te-varfer-perballen-me-nxehtesine-ekstreme-ne-evrope-thone-studiuesit\/"},"modified":"2024-08-28T21:17:32","modified_gmt":"2024-08-28T21:17:32","slug":"njerezit-me-te-varfer-perballen-me-nxehtesine-ekstreme-ne-evrope-thone-studiuesit","status":"publish","type":"post","link":"https:\/\/radiogjilani.com\/index.php\/2024\/08\/28\/njerezit-me-te-varfer-perballen-me-nxehtesine-ekstreme-ne-evrope-thone-studiuesit\/","title":{"rendered":"Njer\u00ebzit m\u00eb t\u00eb varf\u00ebr p\u00ebrballen me nxeht\u00ebsin\u00eb ekstreme n\u00eb Evrop\u00eb, thon\u00eb studiuesit"},"content":{"rendered":"<p>Temperaturat p\u00ebrv\u00ebluese n\u00eb t\u00eb gjith\u00eb Evrop\u00ebn kan\u00eb vrar\u00eb dhjet\u00ebra mij\u00ebra njer\u00ebz vitet e fundit.<\/p>\n<p>Por nd\u00ebrsa numri i viktimave rritet, studiuesit po zbulojn\u00eb se nj\u00eb grup po p\u00ebrballon n\u00eb m\u00ebnyr\u00eb disproporcionale barr\u00ebn e nxeht\u00ebsis\u00eb ekstreme: ata q\u00eb jetojn\u00eb n\u00eb varf\u00ebri.<\/p>\n<p>\u201cNj\u00eb val\u00eb e t\u00eb nxehtit nuk \u00ebsht\u00eb e nj\u00ebjt\u00eb kur je n\u00eb nj\u00eb dhom\u00eb t\u00eb p\u00ebrbashk\u00ebt me tre persona t\u00eb tjer\u00eb dhe pa aj\u00ebr t\u00eb kondicionuar, si kur je n\u00eb nj\u00eb vil\u00eb me akses n\u00eb nj\u00eb pishin\u00eb dhe aj\u00ebr t\u00eb kondicionuar.\u201d<\/p>\n<p>K\u00ebshtu ka th\u00ebn\u00eb Julio D\u00edaz Jim\u00e9nez, nj\u00eb profesor hetues n\u00eb institutin sh\u00ebndet\u00ebsor Carlos III t\u00eb Madridit.<\/p>\n<p>\t\t<i><\/i><ins data-dcm-landing-page-escapes=\"0\" data-dcm-click-tracker=\"https:\/\/track.adform.net\/C\/?bn=73199340;adfibeg=0;cdata=wY0ZHC8ypbQniOq3Sj8hschgQeJ3VY4zU1bO9ulaUP_iCMviXuI_n4RPYRHBxkqVPVtGasWBO2DsQ97SqeB3vafpodL8HlhSS5QNXFy9YSXxjmdMEY9WqD7eKsUQLet9dO-UMsCLM2opnkTpCdy6-w2;;CREFURL=https%3a%2f%2feuro-pixel.com%2ftest.php;C=1;cpdir=\" class=\"dcmads\" data-dcm-placement=\"N571601.4773204ALBANIANPOST.COM\/B32392692.399829096\" data-dcm-rendering-mode=\"iframe\" data-dcm-https-only=\"\" data-dcm-api-frameworks=\"[APIFRAMEWORKS]\" data-dcm-omid-partner=\"[OMIDPARTNER]\" data-dcm-gdpr-applies=\"gdpr=\" data-dcm-gdpr-consent=\"gdpr_consent=\" data-dcm-addtl-consent=\"addtl_consent=${ADDTL_CONSENT}\" data-dcm-ltd=\"false\" data-dcm-resettable-device-id=\"\" data-dcm-app-id=\"\" data-dcm-processed=\"y\"><\/p>\n<p>\t\t<\/ins><\/p>\n<p>D\u00edaz Jim\u00e9nez \u00ebsht\u00eb n\u00eb mesin e nj\u00eb grupi studiuesish q\u00eb eksploruan se si nxeht\u00ebsia ekstreme kishte prekur 17 rrethe n\u00eb Madrid.<\/p>\n<p>Punimi i tyre, i botuar n\u00eb vitin 2020, zbuloi se val\u00ebt e t\u00eb nxehtit kishin nj\u00eb ndikim n\u00eb vdekshm\u00ebrin\u00eb n\u00eb vet\u00ebm tre rrethe \u2013 ato ku t\u00eb ardhurat e familjeve ishin n\u00ebn mesataren.<\/p>\n<p>Ata vazhduan me nj\u00eb analiz\u00eb t\u00eb ngjashme duke par\u00eb komunitetet n\u00eb t\u00eb gjith\u00eb Spanj\u00ebn.<\/p>\n<p>\u201cDhe ne pam\u00eb t\u00eb nj\u00ebjt\u00ebn gj\u00eb,\u201d tha ai. \u201cKur b\u00ebhet fjal\u00eb p\u00ebr nxeht\u00ebsin\u00eb dhe cenueshm\u00ebrin\u00eb, faktori kryesor \u00ebsht\u00eb niveli i t\u00eb ardhurave.\u201d<\/p>\n<p>Njer\u00ebzit me t\u00eb ardhura m\u00eb t\u00eb ul\u00ebta shpesh luftojn\u00eb p\u00ebr t\u00eb hyr\u00eb n\u00eb banesa cil\u00ebsore, me shum\u00eb q\u00eb jetojn\u00eb n\u00eb sht\u00ebpi t\u00eb mbipopulluara, t\u00eb ajrosura dob\u00ebt q\u00eb ofrojn\u00eb pak koh\u00eb nga nxeht\u00ebsia.<\/p>\n<p>Disa luftojn\u00eb p\u00ebr t\u00eb aksesuar kujdesin adekuat sh\u00ebndet\u00ebsor, duke i l\u00ebn\u00eb ata m\u00eb shum\u00eb gjasa t\u00eb vuajn\u00eb nga kushtet q\u00eb mund t\u00eb p\u00ebrkeq\u00ebsohen nga nxeht\u00ebsia ekstreme, nd\u00ebrsa t\u00eb tjer\u00eb punojn\u00eb n\u00eb sektor\u00eb t\u00eb till\u00eb si bujq\u00ebsia dhe nd\u00ebrtimi ku jan\u00eb t\u00eb ekspozuar rregullisht ndaj temperaturave t\u00eb larta.<\/p>\n<p>Edhe kur ajri i kondicionuar \u00ebsht\u00eb i disponuesh\u00ebm, njer\u00ebzit me t\u00eb ardhura m\u00eb t\u00eb ul\u00ebta kan\u00eb m\u00eb pak gjasa t\u00eb jen\u00eb n\u00eb gjendje t\u00eb p\u00ebrballojn\u00eb p\u00ebrdorimin e tyre.<\/p>\n<p>N\u00eb fillim t\u00eb k\u00ebtij viti Save the Children paralajm\u00ebroi se nj\u00eb n\u00eb tre f\u00ebmij\u00eb n\u00eb Spanj\u00eb nuk ishin n\u00eb gjendje t\u00eb q\u00ebndronin t\u00eb qet\u00eb n\u00eb sht\u00ebpi.<\/p>\n<p>Dhe se kjo mund t\u00eb ket\u00eb nj\u00eb ndikim \u201cshum\u00eb t\u00eb d\u00ebmsh\u00ebm\u201d n\u00eb sh\u00ebndetin mendor dhe fizik t\u00eb m\u00eb shum\u00eb se 2 milion\u00eb f\u00ebmij\u00ebve.<\/p>\n<p>Lidhja midis stresit t\u00eb nxeht\u00ebsis\u00eb dhe varf\u00ebris\u00eb ka qen\u00eb prej koh\u00ebsh nj\u00eb pik\u00eb diskutimi p\u00ebrtej Atlantikut, e rritur nga gjetjet si nj\u00eb hetim i p\u00ebrbashk\u00ebt i vitit 2019 nga Radio Publike Komb\u00ebtare dhe Universiteti i Maryland-it q\u00eb dokumentoi se si lagjet me t\u00eb ardhura t\u00eb ul\u00ebta n\u00eb t\u00eb gjith\u00eb SHBA-t\u00eb kishin m\u00eb shum\u00eb gjasa t\u00eb ishin. m\u00eb t\u00eb nxehta se homolog\u00ebt e tyre m\u00eb t\u00eb pasur.<\/p>\n<p>The post <a rel=\"nofollow\" href=\"https:\/\/albanianpost.com\/njerezit-me-te-varfer-perballen-me-nxehtesine-ekstreme-ne-evrope-thone-studiuesit\/\">Njer\u00ebzit m\u00eb t\u00eb varf\u00ebr p\u00ebrballen me nxeht\u00ebsin\u00eb ekstreme n\u00eb Evrop\u00eb, thon\u00eb studiuesit<\/a> appeared first on <a rel=\"nofollow\" href=\"https:\/\/albanianpost.com\/\">Albanian Post<\/a>.<\/p>\n","protected":false},"excerpt":{"rendered":"<p>Temperaturat p\u00ebrv\u00ebluese n\u00eb t\u00eb gjith\u00eb Evrop\u00ebn kan\u00eb vrar\u00eb dhjet\u00ebra mij\u00ebra njer\u00ebz vitet e fundit. Por nd\u00ebrsa numri i viktimave rritet, studiuesit po zbulojn\u00eb se nj\u00eb grup po p\u00ebrballon n\u00eb m\u00ebnyr\u00eb disproporcionale barr\u00ebn e nxeht\u00ebsis\u00eb ekstreme: ata q\u00eb jetojn\u00eb n\u00eb varf\u00ebri. \u201cNj\u00eb val\u00eb e t\u00eb nxehtit nuk \u00ebsht\u00eb e nj\u00ebjt\u00eb kur je n\u00eb nj\u00eb dhom\u00eb t\u00eb [&hellip;]<\/p>\n","protected":false},"author":1,"featured_media":8469,"comment_status":"open","ping_status":"open","sticky":false,"template":"","format":"standard","meta":{"footnotes":""},"categories":[1],"tags":[],"class_list":["post-8468","post","type-post","status-publish","format-standard","has-post-thumbnail","hentry","category-uncategorized"],"_links":{"self":[{"href":"https:\/\/radiogjilani.com\/index.php\/wp-json\/wp\/v2\/posts\/8468","targetHints":{"allow":["GET"]}}],"collection":[{"href":"https:\/\/radiogjilani.com\/index.php\/wp-json\/wp\/v2\/posts"}],"about":[{"href":"https:\/\/radiogjilani.com\/index.php\/wp-json\/wp\/v2\/types\/post"}],"author":[{"embeddable":true,"href":"https:\/\/radiogjilani.com\/index.php\/wp-json\/wp\/v2\/users\/1"}],"replies":[{"embeddable":true,"href":"https:\/\/radiogjilani.com\/index.php\/wp-json\/wp\/v2\/comments?post=8468"}],"version-history":[{"count":0,"href":"https:\/\/radiogjilani.com\/index.php\/wp-json\/wp\/v2\/posts\/8468\/revisions"}],"wp:featuredmedia":[{"embeddable":true,"href":"https:\/\/radiogjilani.com\/index.php\/wp-json\/wp\/v2\/media\/8469"}],"wp:attachment":[{"href":"https:\/\/radiogjilani.com\/index.php\/wp-json\/wp\/v2\/media?parent=8468"}],"wp:term":[{"taxonomy":"category","embeddable":true,"href":"https:\/\/radiogjilani.com\/index.php\/wp-json\/wp\/v2\/categories?post=8468"},{"taxonomy":"post_tag","embeddable":true,"href":"https:\/\/radiogjilani.com\/index.php\/wp-json\/wp\/v2\/tags?post=8468"}],"curies":[{"name":"wp","href":"https:\/\/api.w.org\/{rel}","templated":true}]}}